{"id":3738,"date":"2016-08-11T11:44:48","date_gmt":"2016-08-11T09:44:48","guid":{"rendered":"http:\/\/slo5.net\/wordpress\/?p=3738"},"modified":"2016-08-11T11:44:48","modified_gmt":"2016-08-11T09:44:48","slug":"z-avtom-na-nasprotni-vozni-pas-trk-neizbezen","status":"publish","type":"post","link":"https:\/\/areafilm.si\/wordpress\/z-avtom-na-nasprotni-vozni-pas-trk-neizbezen\/","title":{"rendered":"Z avtom na nasprotni vozni pas, trk neizbe\u017een"},"content":{"rendered":"<p class=\"western\" lang=\"en-US\" align=\"justify\"><span style=\"font-size: small\"><span lang=\"sl-SI\">KRONIKA &#8211; V sredo o<\/span><span lang=\"sl-SI\">b 11. uri se je na cesti Vanganel \u2013 Bonini zgodila prometna nesre\u010da. Po ugotovitvah policistov jo je povzro\u010dil voznik osebnega avtomobila iz Bor\u0161ta, ki je zaradi neprilagojene hitrosti vozila izgubil oblast nad vozilom in drsel na nasprotni vozni pas v trenutku, ko je nasproti pravilno pripeljal voznik osebnega avtomobila, dr\u017eavljan Italije. Povzro\u010ditelj je vanj tr\u010dil z levim prednjim delom vozila, in sicer v levi prednji del vozila <\/span><span lang=\"sl-SI\">I<\/span><span lang=\"sl-SI\">talijana. Povzro\u010ditelj se je v nesre\u010di la\u017eje po\u0161kodoval, sledi mu pla\u010dilni nalog. <\/span><\/span><\/p>\n<p class=\"western\" lang=\"en-US\" align=\"justify\"><span style=\"font-size: small\"><span lang=\"sl-SI\">Ob 17.05 so bili <\/span><span lang=\"sl-SI\">na policiji <\/span><span lang=\"sl-SI\">obve\u0161\u010deni, da je v Luciji na cesti pod nadvozom padel kolesar. Policisti so na kraju ugotovili, da gre za 64-letnega dr\u017eavljana Nem\u010dije, ki je padel sam. Ker je imel po\u0161kodovano glavo, so ga nemudoma odpeljali v izolsko bolni\u0161nico. <\/span><\/span><\/p>\n<p class=\"western\" lang=\"en-US\" align=\"justify\"><span style=\"font-size: small\"><span lang=\"sl-SI\">V \u010detrtek<\/span><span lang=\"sl-SI\"> zjutraj so <\/span><span lang=\"sl-SI\">policisti <\/span><span lang=\"sl-SI\">prejeli prijavo, da so iz enega od portoro\u0161kih hotelov gostu ukradli dve ro\u010dni uri, skupaj vredni ve\u010d tiso\u010d evrov. <\/span><\/span><\/p>\n","protected":false},"excerpt":{"rendered":"<p>KRONIKA &#8211; V sredo ob 11. uri se je na cesti Vanganel \u2013 Bonini zgodila&#8230;<\/p>\n","protected":false},"author":4,"featured_media":385,"comment_status":"open","ping_status":"closed","sticky":false,"template":"","format":"standard","meta":{"footnotes":""},"categories":[7],"tags":[],"class_list":["post-3738","post","type-post","status-publish","format-standard","has-post-thumbnail","hentry","category-kronika"],"featured_image_urls":{"full":["https:\/\/areafilm.si\/wordpress\/wp-content\/uploads\/2014\/09\/prometna_nesreca.jpg",282,296,false],"thumbnail":["https:\/\/areafilm.si\/wordpress\/wp-content\/uploads\/2014\/09\/prometna_nesreca-282x280.jpg",282,280,true],"medium":["https:\/\/areafilm.si\/wordpress\/wp-content\/uploads\/2014\/09\/prometna_nesreca.jpg",282,296,false],"medium_large":["https:\/\/areafilm.si\/wordpress\/wp-content\/uploads\/2014\/09\/prometna_nesreca.jpg",282,296,false],"large":["https:\/\/areafilm.si\/wordpress\/wp-content\/uploads\/2014\/09\/prometna_nesreca.jpg",282,296,false],"1536x1536":["https:\/\/areafilm.si\/wordpress\/wp-content\/uploads\/2014\/09\/prometna_nesreca.jpg",282,296,false],"2048x2048":["https:\/\/areafilm.si\/wordpress\/wp-content\/uploads\/2014\/09\/prometna_nesreca.jpg",282,296,false],"covernews-featured":["https:\/\/areafilm.si\/wordpress\/wp-content\/uploads\/2014\/09\/prometna_nesreca.jpg",282,296,false],"covernews-medium":["https:\/\/areafilm.si\/wordpress\/wp-content\/uploads\/2014\/09\/prometna_nesreca.jpg",282,296,false],"woocommerce_thumbnail":["https:\/\/areafilm.si\/wordpress\/wp-content\/uploads\/2014\/09\/prometna_nesreca.jpg",282,296,false],"woocommerce_single":["https:\/\/areafilm.si\/wordpress\/wp-content\/uploads\/2014\/09\/prometna_nesreca.jpg",282,296,false],"woocommerce_gallery_thumbnail":["https:\/\/areafilm.si\/wordpress\/wp-content\/uploads\/2014\/09\/prometna_nesreca-100x100.jpg",100,100,true]},"author_info":{"info":["Uredni\u0161tvo Primorski Utrip"]},"category_info":"<a href=\"https:\/\/areafilm.si\/wordpress\/category\/kronika\/\" rel=\"category tag\">Kronika<\/a>","tag_info":"Kronika","comment_count":"0","_links":{"self":[{"href":"https:\/\/areafilm.si\/wordpress\/wp-json\/wp\/v2\/posts\/3738","targetHints":{"allow":["GET"]}}],"collection":[{"href":"https:\/\/areafilm.si\/wordpress\/wp-json\/wp\/v2\/posts"}],"about":[{"href":"https:\/\/areafilm.si\/wordpress\/wp-json\/wp\/v2\/types\/post"}],"author":[{"embeddable":true,"href":"https:\/\/areafilm.si\/wordpress\/wp-json\/wp\/v2\/users\/4"}],"replies":[{"embeddable":true,"href":"https:\/\/areafilm.si\/wordpress\/wp-json\/wp\/v2\/comments?post=3738"}],"version-history":[{"count":2,"href":"https:\/\/areafilm.si\/wordpress\/wp-json\/wp\/v2\/posts\/3738\/revisions"}],"predecessor-version":[{"id":3740,"href":"https:\/\/areafilm.si\/wordpress\/wp-json\/wp\/v2\/posts\/3738\/revisions\/3740"}],"wp:featuredmedia":[{"embeddable":true,"href":"https:\/\/areafilm.si\/wordpress\/wp-json\/wp\/v2\/media\/385"}],"wp:attachment":[{"href":"https:\/\/areafilm.si\/wordpress\/wp-json\/wp\/v2\/media?parent=3738"}],"wp:term":[{"taxonomy":"category","embeddable":true,"href":"https:\/\/areafilm.si\/wordpress\/wp-json\/wp\/v2\/categories?post=3738"},{"taxonomy":"post_tag","embeddable":true,"href":"https:\/\/areafilm.si\/wordpress\/wp-json\/wp\/v2\/tags?post=3738"}],"curies":[{"name":"wp","href":"https:\/\/api.w.org\/{rel}","templated":true}]}}