{"id":3741,"date":"2016-08-11T21:07:17","date_gmt":"2016-08-11T19:07:17","guid":{"rendered":"http:\/\/slo5.net\/wordpress\/?p=3741"},"modified":"2016-08-14T18:35:52","modified_gmt":"2016-08-14T16:35:52","slug":"startup-izziv-za-ucitelje-prvic-tudi-v-novi-gorici","status":"publish","type":"post","link":"https:\/\/areafilm.si\/wordpress\/startup-izziv-za-ucitelje-prvic-tudi-v-novi-gorici\/","title":{"rendered":"Startup izziv za u\u010ditelje prvi\u010d tudi v Novi Gorici"},"content":{"rendered":"<p>V Novi Gorici bo od 23. do 25. 8. 2016 prvi\u010d potekal Startup izziv za u\u010ditelje, profesorje in druge pedago\u0161ke delavce. Dogodek organizira Primorski tehnolo\u0161ki park ob podpori Mestne ob\u010dine Nova Gorica in v sodelovanju s SPIRIT Slovenija, javno agencijo in Ministrstvom za gospodarski razvoj in tehnologijo.\u00a0V podjetni\u0161kih znanjih in ve\u0161\u010dinah se bodo na tridnevni delavnici kalili <strong>u\u010ditelji, profesorji, vodstva osnovnih in srednjih \u0161ol<\/strong> <strong>ter<\/strong> <strong>drugih izobra\u017eevalnih institucij<\/strong>. Pobudnik in organizator dogodka je <strong>Primorski tehnolo\u0161ki park<\/strong>, ki si prizadeva, da bi pedago\u0161ke delavce s pomo\u010djo osebne izku\u0161nje ustrezno usposobili za pomo\u010d mladim pri razvijanju podjetni\u0161kih idej in njihovi implementaciji. Skupaj z <strong>Mestno ob\u010dino Nova Gorica<\/strong>, ki je pobudo podprla, sta k sodelovanju pritegnila <strong>SPIRIT Slovenija, javno agencijo<\/strong> in <strong>Ministrstvo za gospodarski razvoj in tehnologijo<\/strong>, ki sta tako kot lani tovrstne dogodke sprva na\u010drtovala zgolj v Ljubljani in Mariboru. Startup izziv za u\u010ditelje bo potekal <strong>od 23. do 25. avgusta<\/strong>, <strong>med 8. in 16. uro<\/strong>, v <strong>veliki dvorani <\/strong>v pritli\u010dju <strong>novogori\u0161ke mestne hi\u0161e.\u00a0<\/strong>Na <strong>Startup izzivu<\/strong> bodo udele\u017eenci <strong>razvijali konkretno podjetni\u0161ko idejo<\/strong> pod <strong>strokovnim vodstvom mentorjev<\/strong> in z uporabo <strong>sodobnih orodij<\/strong> in pripomo\u010dkov <strong>za razvoj ideje v podjetni\u0161ke zgodbe<\/strong>. Pridobljena znanja bodo u\u010diteljem in profesorjem slu\u017eila tudi za izvedbo podjetni\u0161kih vsebin v sklopu <strong>interesnih dejavnosti<\/strong>, <strong>kro\u017ekov s podro\u010dja spodbujanja ustvarjalnosti, inovativnosti in podjetnosti<\/strong> v osnovnih in srednjih \u0161olah ter pri pripravi u\u010dencev na <strong>vseslovensko tekmovanje POPRI<\/strong> <strong>za najbolj\u0161e podjetni\u0161ke ideje mladih<\/strong> (<a href=\"http:\/\/www.popri.si\">www.popri.si<\/a>).<\/p>\n<p><a href=\"http:\/\/slo5.net\/wordpress\/wp-content\/uploads\/2016\/08\/1_MGL3198small.jpg\"><img loading=\"lazy\" decoding=\"async\" class=\"alignnone size-large wp-image-3744\" src=\"http:\/\/slo5.net\/wordpress\/wp-content\/uploads\/2016\/08\/1_MGL3198small-1024x683.jpg\" alt=\"1_MGL3198small\" width=\"640\" height=\"427\" \/><\/a><\/p>\n<p>&nbsp;<\/p>\n<p>Dogodek moderirata <strong>Mitja Miku\u017e<\/strong>, <strong>vodja podjetni\u0161kih programov<\/strong> v <strong>Primorskem tehnolo\u0161kem parku<\/strong> in \u010dlan komisije <strong>nacionalnega tekmovanja Start:up leta<\/strong> (2015-2016), in <strong>mag. Lojze Bertoncelj,<\/strong> iz podjetja <strong>30Lean<\/strong>, <strong>mentor podjetnosti in podjetni\u0161tva<\/strong> v ve\u010djih organizacijah, podjetni\u0161kih pospe\u0161evalnikih, inkubatorjih in \u0161olah ter <strong>moderator ve\u010d kot 10 startup vikendov<\/strong> po Sloveniji in tujini. Moderatorjema se bo pridru\u017eilo \u0161e <strong>pet strokovnih in pedago\u0161kih mentorjev<\/strong>. Startup izziv bodo sklenile <strong>predstavitve podjetni\u0161kih idej u\u010diteljev<\/strong> v <strong>\u010detrtek<\/strong>, <strong>25. avgusta<\/strong>,<strong> ob 16. uri<\/strong>. Svoje ideje bodo predstavili pred <strong>pet\u010dlansko strokovno komisijo <\/strong>in zainteresirano javnostjo.<\/p>\n<p><strong>Vikende podjetnosti za u\u010ditelje, profesorje in vodstva \u0161ol<\/strong> sta SPIRIT Slovenija, javna agencija in Ministrstvo za gospodarski razvoj in tehnologijo organizirala \u017ee v lanskem letu v Ljubljani in Mariboru. &#8220;<em>Odziv in vtisi ve\u010d kot 100 u\u010diteljev in ravnateljev, ki so se izobra\u017eevanja udele\u017eili, so bili navdihujo\u010di. Ko pa smo poizvedovali, koliko u\u010diteljev iz Gori\u0161ke regije je izkoristilo to prilo\u017enost, smo \u017eal ugotovili, da zgolj dva iz srednjih in nih\u010de iz osnovnih \u0161ol. Ravnatelji in u\u010ditelji, pri katerih smo spra\u0161evali o razlogih, so nam povedali, da bi jih tak\u0161no izobra\u017eevanje zelo zanimalo, \u010de bi potekalo v regiji. Tako smo s skupnimi mo\u010dmi javno agencijo SPIRIT Slovenija prepri\u010dali, da pristopi k sodelovanju pri organizaciji izobra\u017eevanja v Novi Gorici,<\/em>&#8221; pove <strong>Tanja Ko\u017euh, direktorica Primorskega tehnolo\u0161kega parka. <\/strong><\/p>\n<p>Pedago\u0161ki delavci se na izobra\u017eevanje lahko prijavijo preko <strong>spletnega obrazca<\/strong> na spletni strani Primorskega tehnolo\u0161kega parka ali javne agencije SPIRIT. <strong>Udele\u017eba na Startup izzivu je brezpla\u010dna.<\/strong> Udele\u017eenci bodo prejeli <strong>potrdilo o strokovnem usposabljanju delavcev v vzgoji in izobra\u017eevanju<\/strong>, ki se vrednoti z ustreznim \u0161tevilom to\u010dk.<\/p>\n","protected":false},"excerpt":{"rendered":"<p>V Novi Gorici bo od 23. do 25. 8. 2016 prvi\u010d potekal Startup izziv za&#8230;<\/p>\n","protected":false},"author":4,"featured_media":3743,"comment_status":"open","ping_status":"closed","sticky":false,"template":"","format":"standard","meta":{"footnotes":""},"categories":[26],"tags":[],"class_list":["post-3741","post","type-post","status-publish","format-standard","has-post-thumbnail","hentry","category-goriska"],"featured_image_urls":{"full":["https:\/\/areafilm.si\/wordpress\/wp-content\/uploads\/2016\/08\/2MIT_3065.jpg",1064,705,false],"thumbnail":["https:\/\/areafilm.si\/wordpress\/wp-content\/uploads\/2016\/08\/2MIT_3065-500x280.jpg",500,280,true],"medium":["https:\/\/areafilm.si\/wordpress\/wp-content\/uploads\/2016\/08\/2MIT_3065-600x365.jpg",600,365,true],"medium_large":["https:\/\/areafilm.si\/wordpress\/wp-content\/uploads\/2016\/08\/2MIT_3065-768x509.jpg",640,424,true],"large":["https:\/\/areafilm.si\/wordpress\/wp-content\/uploads\/2016\/08\/2MIT_3065-840x480.jpg",640,366,true],"1536x1536":["https:\/\/areafilm.si\/wordpress\/wp-content\/uploads\/2016\/08\/2MIT_3065.jpg",1064,705,false],"2048x2048":["https:\/\/areafilm.si\/wordpress\/wp-content\/uploads\/2016\/08\/2MIT_3065.jpg",1064,705,false],"covernews-featured":["https:\/\/areafilm.si\/wordpress\/wp-content\/uploads\/2016\/08\/2MIT_3065.jpg",1024,678,false],"covernews-medium":["https:\/\/areafilm.si\/wordpress\/wp-content\/uploads\/2016\/08\/2MIT_3065.jpg",513,340,false],"woocommerce_thumbnail":["https:\/\/areafilm.si\/wordpress\/wp-content\/uploads\/2016\/08\/2MIT_3065-300x300.jpg",300,300,true],"woocommerce_single":["https:\/\/areafilm.si\/wordpress\/wp-content\/uploads\/2016\/08\/2MIT_3065-600x398.jpg",600,398,true],"woocommerce_gallery_thumbnail":["https:\/\/areafilm.si\/wordpress\/wp-content\/uploads\/2016\/08\/2MIT_3065-100x100.jpg",100,100,true]},"author_info":{"info":["Uredni\u0161tvo Primorski Utrip"]},"category_info":"<a href=\"https:\/\/areafilm.si\/wordpress\/category\/goriska\/\" rel=\"category tag\">Gori\u0161ka<\/a>","tag_info":"Gori\u0161ka","comment_count":"0","_links":{"self":[{"href":"https:\/\/areafilm.si\/wordpress\/wp-json\/wp\/v2\/posts\/3741","targetHints":{"allow":["GET"]}}],"collection":[{"href":"https:\/\/areafilm.si\/wordpress\/wp-json\/wp\/v2\/posts"}],"about":[{"href":"https:\/\/areafilm.si\/wordpress\/wp-json\/wp\/v2\/types\/post"}],"author":[{"embeddable":true,"href":"https:\/\/areafilm.si\/wordpress\/wp-json\/wp\/v2\/users\/4"}],"replies":[{"embeddable":true,"href":"https:\/\/areafilm.si\/wordpress\/wp-json\/wp\/v2\/comments?post=3741"}],"version-history":[{"count":3,"href":"https:\/\/areafilm.si\/wordpress\/wp-json\/wp\/v2\/posts\/3741\/revisions"}],"predecessor-version":[{"id":3747,"href":"https:\/\/areafilm.si\/wordpress\/wp-json\/wp\/v2\/posts\/3741\/revisions\/3747"}],"wp:featuredmedia":[{"embeddable":true,"href":"https:\/\/areafilm.si\/wordpress\/wp-json\/wp\/v2\/media\/3743"}],"wp:attachment":[{"href":"https:\/\/areafilm.si\/wordpress\/wp-json\/wp\/v2\/media?parent=3741"}],"wp:term":[{"taxonomy":"category","embeddable":true,"href":"https:\/\/areafilm.si\/wordpress\/wp-json\/wp\/v2\/categories?post=3741"},{"taxonomy":"post_tag","embeddable":true,"href":"https:\/\/areafilm.si\/wordpress\/wp-json\/wp\/v2\/tags?post=3741"}],"curies":[{"name":"wp","href":"https:\/\/api.w.org\/{rel}","templated":true}]}}