{"id":3802,"date":"2016-08-22T12:53:55","date_gmt":"2016-08-22T10:53:55","guid":{"rendered":"http:\/\/slo5.net\/wordpress\/?p=3802"},"modified":"2016-08-22T12:53:55","modified_gmt":"2016-08-22T10:53:55","slug":"dve-smrtni-zrtvi-v-nesreci-v-dekanih","status":"publish","type":"post","link":"https:\/\/areafilm.si\/wordpress\/dve-smrtni-zrtvi-v-nesreci-v-dekanih\/","title":{"rendered":"Dve smrtni \u017ertvi v nesre\u010di v Dekanih"},"content":{"rendered":"<p class=\"western\" align=\"justify\"><span style=\"font-size: small\">KRONIKA &#8211; V nedeljo ob 18.19 sta v Dekanih tr\u010dila osebni avto, katerega je vozil 64-letni doma\u010din, in motorno kolo, katerega je peljal 32-letnik iz okolice Kozine. 39-letna sopotnica na motorju je na kraju umrla, zatem v bolni\u0161nici \u0161e voznik motornega kolesa. <\/span><\/p>\n<p class=\"western\" align=\"justify\"><span style=\"font-size: small\">V petek ob 16.09 se je na Bivju zgodila prometna nesre\u010da, ki jo je povzro\u010dil 54-letni Dekan\u010dan. Vozil je iz Bertokov proti Dekanom. Ko je zavijal desno, je na prehitevalnem pasu tr\u010dil v levo odbojno ograjo, od tam pa ga je odbilo v desno v avtodom. Povzro\u010ditelju je alkotest pokazal 1,20 mg\/l, sledi mu obdol\u017eilni predlog in odvzem vozni\u0161kega dovoljenja. <\/span><\/p>\n<p class=\"western\" lang=\"en-US\" align=\"justify\"><span style=\"font-size: small\"><span lang=\"sl-SI\">Zve\u010der so policisti na mejnem prehodu So\u010derga na vstopu v dr\u017eavo 44-letnemu dr\u017eavljanu Nizozemske zasegli elektri\u010dni paralizator, skrit v baterijsko ro\u010dno svetilko. Izveden je bil hitri postopek in izre\u010dena globa.<\/span><\/span><\/p>\n<p align=\"justify\"><span style=\"font-size: small\">V Luciji je nekdo vlomil v stanovanje. Odnesel je zlat nakit in denar, lastnika pa o\u0161kodoval za pribli\u017eno 1.000 evrov.<\/span><\/p>\n<p class=\"western\" align=\"justify\"><span style=\"font-size: small\">V soboto ob 14.42 so bili na policiji obve\u0161\u010deni, da je na Izolski obvoznici osebni avto zbil pe\u0161ko. Policisti so na kraju ugotovili, da je 84-letna pe\u0161ka nepravilno pre\u010dkala cesto, vanjo pa je tr\u010dila 26-letna dr\u017eavljana Nem\u010dije z osebnim avtomobilom. Pe\u0161ko so huje po\u0161kodovano odpeljali v bolni\u0161nico, sledi ji pla\u010dilni nalog. <\/span><\/p>\n<p class=\"western\" lang=\"en-US\" align=\"justify\"><span style=\"font-size: small\"><span lang=\"sl-SI\">Ob 17.36 so <\/span><span lang=\"sl-SI\">na policijo<\/span><span lang=\"sl-SI\"> poklicali <\/span><span lang=\"sl-SI\">iz<\/span><span lang=\"sl-SI\"> portoro\u0161kega lokala, ker jih je nadlegoval vinjen gost. Policisti so na kraju identificirali dr\u017eavljana Slova\u0161ke in ugotovili, da je od natakarjev zahteval alkoholno pija\u010do, ki pa mu je zaradi o\u010ditne pijanosti niso hoteli postre\u010di. Zaradi tega se je do natakarjev \u017ealjivo vedel in jih pri delu oviral, pomiril pa se ni niti po prihodu policistov. Odredili so mu pridr\u017eanje in mu izdali pla\u010dilni nalog. <\/span><\/span><\/p>\n<p class=\"western\" align=\"justify\"><span style=\"font-size: small\">Ob 23.53 so koprski policisti zasegli vozilo 39-letnemu vozniku, kateremu je prenehala veljavnost vozni\u0161kega dovoljenja. Sledi mu obdol\u017eilni predlog. <\/span><\/p>\n<p class=\"western\" lang=\"en-US\" align=\"justify\"><span style=\"font-size: small\"><span lang=\"sl-SI\">V nedeljo o<\/span><span lang=\"sl-SI\">b 0.14 je <\/span><span lang=\"sl-SI\">policiste <\/span><span lang=\"sl-SI\">poklical udele\u017eenec v prometni nesre\u010di iz Se\u010dovelj in povedal, da je pobegnil povzro\u010ditelj prometne nesre\u010de na Valeti. Glede na opis so povzro\u010ditelja izsledili. 39-letnemu dr\u017eavljanu Bolgarije, ki prebiva v Izoli, je alkotest pokazal rezultat 1,04 mg\/l. Sledi mu obdol\u017eilni predlog za nepravilno stran vo\u017enje, pobeg s kraja prometne nesre\u010de in alkohol. <\/span><\/span><\/p>\n<p class=\"western\" lang=\"en-US\" align=\"justify\"><span style=\"font-size: small\"><span lang=\"sl-SI\">Ob 1.41 so policisti v Matenji vasi zasegli osebni avto 43-letnemu vozniku, ki nima vozni\u0161kega dovoljenja. Sledi mu obdol\u017eilni predlog. <\/span><\/span><\/p>\n","protected":false},"excerpt":{"rendered":"<p>KRONIKA &#8211; V nedeljo ob 18.19 sta v Dekanih tr\u010dila osebni avto, katerega je vozil&#8230;<\/p>\n","protected":false},"author":4,"featured_media":542,"comment_status":"open","ping_status":"closed","sticky":false,"template":"","format":"standard","meta":{"footnotes":""},"categories":[7],"tags":[],"class_list":["post-3802","post","type-post","status-publish","format-standard","has-post-thumbnail","hentry","category-kronika"],"featured_image_urls":{"full":["https:\/\/areafilm.si\/wordpress\/wp-content\/uploads\/2014\/09\/nesreca_motor0011.jpg",500,375,false],"thumbnail":["https:\/\/areafilm.si\/wordpress\/wp-content\/uploads\/2014\/09\/nesreca_motor0011-500x280.jpg",500,280,true],"medium":["https:\/\/areafilm.si\/wordpress\/wp-content\/uploads\/2014\/09\/nesreca_motor0011-500x365.jpg",500,365,true],"medium_large":["https:\/\/areafilm.si\/wordpress\/wp-content\/uploads\/2014\/09\/nesreca_motor0011.jpg",500,375,false],"large":["https:\/\/areafilm.si\/wordpress\/wp-content\/uploads\/2014\/09\/nesreca_motor0011.jpg",500,375,false],"1536x1536":["https:\/\/areafilm.si\/wordpress\/wp-content\/uploads\/2014\/09\/nesreca_motor0011.jpg",500,375,false],"2048x2048":["https:\/\/areafilm.si\/wordpress\/wp-content\/uploads\/2014\/09\/nesreca_motor0011.jpg",500,375,false],"covernews-featured":["https:\/\/areafilm.si\/wordpress\/wp-content\/uploads\/2014\/09\/nesreca_motor0011.jpg",500,375,false],"covernews-medium":["https:\/\/areafilm.si\/wordpress\/wp-content\/uploads\/2014\/09\/nesreca_motor0011.jpg",453,340,false],"woocommerce_thumbnail":["https:\/\/areafilm.si\/wordpress\/wp-content\/uploads\/2014\/09\/nesreca_motor0011-300x300.jpg",300,300,true],"woocommerce_single":["https:\/\/areafilm.si\/wordpress\/wp-content\/uploads\/2014\/09\/nesreca_motor0011.jpg",500,375,false],"woocommerce_gallery_thumbnail":["https:\/\/areafilm.si\/wordpress\/wp-content\/uploads\/2014\/09\/nesreca_motor0011-100x100.jpg",100,100,true]},"author_info":{"info":["Uredni\u0161tvo Primorski Utrip"]},"category_info":"<a href=\"https:\/\/areafilm.si\/wordpress\/category\/kronika\/\" rel=\"category tag\">Kronika<\/a>","tag_info":"Kronika","comment_count":"0","_links":{"self":[{"href":"https:\/\/areafilm.si\/wordpress\/wp-json\/wp\/v2\/posts\/3802","targetHints":{"allow":["GET"]}}],"collection":[{"href":"https:\/\/areafilm.si\/wordpress\/wp-json\/wp\/v2\/posts"}],"about":[{"href":"https:\/\/areafilm.si\/wordpress\/wp-json\/wp\/v2\/types\/post"}],"author":[{"embeddable":true,"href":"https:\/\/areafilm.si\/wordpress\/wp-json\/wp\/v2\/users\/4"}],"replies":[{"embeddable":true,"href":"https:\/\/areafilm.si\/wordpress\/wp-json\/wp\/v2\/comments?post=3802"}],"version-history":[{"count":2,"href":"https:\/\/areafilm.si\/wordpress\/wp-json\/wp\/v2\/posts\/3802\/revisions"}],"predecessor-version":[{"id":3804,"href":"https:\/\/areafilm.si\/wordpress\/wp-json\/wp\/v2\/posts\/3802\/revisions\/3804"}],"wp:featuredmedia":[{"embeddable":true,"href":"https:\/\/areafilm.si\/wordpress\/wp-json\/wp\/v2\/media\/542"}],"wp:attachment":[{"href":"https:\/\/areafilm.si\/wordpress\/wp-json\/wp\/v2\/media?parent=3802"}],"wp:term":[{"taxonomy":"category","embeddable":true,"href":"https:\/\/areafilm.si\/wordpress\/wp-json\/wp\/v2\/categories?post=3802"},{"taxonomy":"post_tag","embeddable":true,"href":"https:\/\/areafilm.si\/wordpress\/wp-json\/wp\/v2\/tags?post=3802"}],"curies":[{"name":"wp","href":"https:\/\/api.w.org\/{rel}","templated":true}]}}