{"id":3811,"date":"2016-08-23T16:33:38","date_gmt":"2016-08-23T14:33:38","guid":{"rendered":"http:\/\/slo5.net\/wordpress\/?p=3811"},"modified":"2016-08-23T16:33:38","modified_gmt":"2016-08-23T14:33:38","slug":"27-avgusta-odprta-kuhna-v-kopru","status":"publish","type":"post","link":"https:\/\/areafilm.si\/wordpress\/27-avgusta-odprta-kuhna-v-kopru\/","title":{"rendered":"27. avgusta &#8220;Odprta kuhna&#8221; v Kopru"},"content":{"rendered":"<p>Primorski ljubitelji dobre hrane, prijetnega dru\u017eenja in poku\u0161anja raznolikih gurmanskih dobrot bodo ta konec tedna ponovno pri\u0161li na svoj ra\u010dun. V Kopru bo po julijski po\u010ditni\u0161ki pavzi namre\u010d ponovno gostovala na\u0161a najbolj priljubljena kulinari\u010dna tr\u017enica <strong>Odprta kuhna<\/strong>. Pod arkade Taverne in ob stojnice na Carpacciovem trgu tokrat vabi <strong>v soboto, 27. avgusta<\/strong>, in sicer s podalj\u0161anim obratovalnim \u010dasom od 11. ure dopoldne, pa kar do 22. ure zve\u010der. \u00a0\u00bbTokrat se bomo v Kopru, kjer obi\u010dajno gostujemo ob torkih, za spremembo dru\u017eili na soboto. Z Odprto kuhno na dela prost dan bomo doma\u010dinom in obiskovalcem na\u0161ega lepega primorja omogo\u010dili, da v dobrotah na\u0161ih ponudnikov in ob prijetnem dru\u017eenju \u0161e bolj spro\u0161\u010deno u\u017eivajo,\u00ab je pojasnila<strong> Alma M. Kochavy<\/strong>, vodja projekta. Na Odprti kuhni, ki poteka v sodelovanju z Mestno ob\u010dino Koper, si bodo obiskovalci pred odhodom na pla\u017eo in kopanje lahko privo\u0161\u010dili pozen zajtrk oziroma brunch; se popoldne \u2013 da ne bo treba kuhati doma \u2013 oglasili na poznem kosilu; zve\u010der pa si privo\u0161\u010dili lahko ve\u010derjo ali prigrizek s prijatelji, kozar\u010dek plemenitih mehur\u010dkov in pogovor ob dobri glasbi. Seveda lahko tudi kar tako sko\u010dijo na nekaj sladkega, recimo na znameniti Jezer\u0161kov \u0161morn ali na pregre\u0161ne pisane macarone znanega Masterchef sodnika Karima, ali na kaj slanega, denimo na izvrsten hot dog ponudnika Jedu, ki se bo karavani Odprte kuhne to sezono v Kopru pridru\u017eil prvi\u010d.<\/p>\n<p><a href=\"http:\/\/slo5.net\/wordpress\/wp-content\/uploads\/2016\/05\/ok1.jpg\"><img loading=\"lazy\" decoding=\"async\" class=\"alignnone size-large wp-image-3263\" src=\"http:\/\/slo5.net\/wordpress\/wp-content\/uploads\/2016\/05\/ok1-1024x683.jpg\" alt=\"ok1\" width=\"640\" height=\"427\" \/><\/a><\/p>\n","protected":false},"excerpt":{"rendered":"<p>Primorski ljubitelji dobre hrane, prijetnega dru\u017eenja in poku\u0161anja raznolikih gurmanskih dobrot bodo ta konec tedna&#8230;<\/p>\n","protected":false},"author":4,"featured_media":3265,"comment_status":"open","ping_status":"closed","sticky":false,"template":"","format":"standard","meta":{"footnotes":""},"categories":[24,8],"tags":[],"class_list":["post-3811","post","type-post","status-publish","format-standard","has-post-thumbnail","hentry","category-obala","category-prirditve"],"featured_image_urls":{"full":["https:\/\/areafilm.si\/wordpress\/wp-content\/uploads\/2016\/05\/ok3.jpg",1100,734,false],"thumbnail":["https:\/\/areafilm.si\/wordpress\/wp-content\/uploads\/2016\/05\/ok3-500x280.jpg",500,280,true],"medium":["https:\/\/areafilm.si\/wordpress\/wp-content\/uploads\/2016\/05\/ok3-600x365.jpg",600,365,true],"medium_large":["https:\/\/areafilm.si\/wordpress\/wp-content\/uploads\/2016\/05\/ok3-768x512.jpg",640,427,true],"large":["https:\/\/areafilm.si\/wordpress\/wp-content\/uploads\/2016\/05\/ok3-840x480.jpg",640,366,true],"1536x1536":["https:\/\/areafilm.si\/wordpress\/wp-content\/uploads\/2016\/05\/ok3.jpg",1100,734,false],"2048x2048":["https:\/\/areafilm.si\/wordpress\/wp-content\/uploads\/2016\/05\/ok3.jpg",1100,734,false],"covernews-featured":["https:\/\/areafilm.si\/wordpress\/wp-content\/uploads\/2016\/05\/ok3.jpg",1024,683,false],"covernews-medium":["https:\/\/areafilm.si\/wordpress\/wp-content\/uploads\/2016\/05\/ok3.jpg",510,340,false],"woocommerce_thumbnail":["https:\/\/areafilm.si\/wordpress\/wp-content\/uploads\/2016\/05\/ok3-300x300.jpg",300,300,true],"woocommerce_single":["https:\/\/areafilm.si\/wordpress\/wp-content\/uploads\/2016\/05\/ok3-600x400.jpg",600,400,true],"woocommerce_gallery_thumbnail":["https:\/\/areafilm.si\/wordpress\/wp-content\/uploads\/2016\/05\/ok3-100x100.jpg",100,100,true]},"author_info":{"info":["Uredni\u0161tvo Primorski Utrip"]},"category_info":"<a href=\"https:\/\/areafilm.si\/wordpress\/category\/obala\/\" rel=\"category tag\">Obala<\/a> <a href=\"https:\/\/areafilm.si\/wordpress\/category\/prirditve\/\" rel=\"category tag\">Prireditve<\/a>","tag_info":"Prireditve","comment_count":"0","_links":{"self":[{"href":"https:\/\/areafilm.si\/wordpress\/wp-json\/wp\/v2\/posts\/3811","targetHints":{"allow":["GET"]}}],"collection":[{"href":"https:\/\/areafilm.si\/wordpress\/wp-json\/wp\/v2\/posts"}],"about":[{"href":"https:\/\/areafilm.si\/wordpress\/wp-json\/wp\/v2\/types\/post"}],"author":[{"embeddable":true,"href":"https:\/\/areafilm.si\/wordpress\/wp-json\/wp\/v2\/users\/4"}],"replies":[{"embeddable":true,"href":"https:\/\/areafilm.si\/wordpress\/wp-json\/wp\/v2\/comments?post=3811"}],"version-history":[{"count":2,"href":"https:\/\/areafilm.si\/wordpress\/wp-json\/wp\/v2\/posts\/3811\/revisions"}],"predecessor-version":[{"id":3813,"href":"https:\/\/areafilm.si\/wordpress\/wp-json\/wp\/v2\/posts\/3811\/revisions\/3813"}],"wp:featuredmedia":[{"embeddable":true,"href":"https:\/\/areafilm.si\/wordpress\/wp-json\/wp\/v2\/media\/3265"}],"wp:attachment":[{"href":"https:\/\/areafilm.si\/wordpress\/wp-json\/wp\/v2\/media?parent=3811"}],"wp:term":[{"taxonomy":"category","embeddable":true,"href":"https:\/\/areafilm.si\/wordpress\/wp-json\/wp\/v2\/categories?post=3811"},{"taxonomy":"post_tag","embeddable":true,"href":"https:\/\/areafilm.si\/wordpress\/wp-json\/wp\/v2\/tags?post=3811"}],"curies":[{"name":"wp","href":"https:\/\/api.w.org\/{rel}","templated":true}]}}