{"id":3814,"date":"2016-08-23T16:41:33","date_gmt":"2016-08-23T14:41:33","guid":{"rendered":"http:\/\/slo5.net\/wordpress\/?p=3814"},"modified":"2016-08-27T23:02:30","modified_gmt":"2016-08-27T21:02:30","slug":"praznik-idrijskih-zlikrofov","status":"publish","type":"post","link":"https:\/\/areafilm.si\/wordpress\/praznik-idrijskih-zlikrofov\/","title":{"rendered":"Praznik idrijskih \u017elikrofov"},"content":{"rendered":"<p class=\"Standard\"><span style=\"font-size: 14.0pt; line-height: 107%;\">V soboto, 27. avgusta bo nekdanja evropska prestolnica \u017eivega srebra ponovno za\u017eivela s <strong>Praznikom idrijskih \u017elikrofov<\/strong>. Ahacijev trg bo \u017ee v jutranjih urah popestrila kulinari\u010dna tr\u017enica lokalnih pridelkov in izdelkov iz okoli\u0161kih kmetij. Poleg kosila z idrijskimi \u017elikrofi obiskovalce \u010dakajo do\u017eivetja v obliki delavnic, prikazov in degustacij.\u00a0<\/span><span style=\"font-size: 14.0pt; line-height: 107%;\">Poskusiti bo mo\u017eno idrijske \u017elikrofe razli\u010dnih proizvajalcev in z razli\u010dnimi omakami, jih izdelati in kupiti ali pa na tr\u017enici nabaviti sestavine za pripravo \u017elikrofov ter omak.<\/p>\n<p><a href=\"http:\/\/slo5.net\/wordpress\/wp-content\/uploads\/2016\/08\/zlikrofi01.jpg\"><img loading=\"lazy\" decoding=\"async\" class=\"alignnone size-large wp-image-3815\" src=\"http:\/\/slo5.net\/wordpress\/wp-content\/uploads\/2016\/08\/zlikrofi01-1024x684.jpg\" alt=\"zlikrofi01\" width=\"640\" height=\"428\" \/><\/a><\/p>\n<p>\u017de v zgodnjih dopoldanskih urah se bo v kotlih pod spretnimi kuhalnicami lovcev pripravljala divja\u010dinska bakalca. Ta jed je nekdaj dajala mo\u010d \u017eilavim knapom in brez nje ni minilo nobeno prazni\u010dno slavje, v Idriji pa jo znajo \u0161e danes odli\u010dno pripraviti, kakor bodo popoldne pokazali spretne doma\u010de gospodinje in gospodinjci. S pomo\u010djo ljubiteljev in strokovne komisije za senzori\u010dno ocenjevanje bodo seveda izbrali tudi najbolj\u0161e idrijske \u017elikrofe v letu 2016.<\/p>\n<p><a href=\"http:\/\/slo5.net\/wordpress\/wp-content\/uploads\/2016\/08\/zlikrofi02.jpg\"><img loading=\"lazy\" decoding=\"async\" class=\"alignnone size-large wp-image-3816\" src=\"http:\/\/slo5.net\/wordpress\/wp-content\/uploads\/2016\/08\/zlikrofi02-1024x684.jpg\" alt=\"zlikrofi02\" width=\"640\" height=\"428\" \/><\/a><br \/>\n<\/span><\/p>\n","protected":false},"excerpt":{"rendered":"<p>V soboto, 27. avgusta bo nekdanja evropska prestolnica \u017eivega srebra ponovno za\u017eivela s Praznikom idrijskih&#8230;<\/p>\n","protected":false},"author":4,"featured_media":3817,"comment_status":"open","ping_status":"closed","sticky":false,"template":"","format":"standard","meta":{"footnotes":""},"categories":[26,8],"tags":[],"class_list":["post-3814","post","type-post","status-publish","format-standard","has-post-thumbnail","hentry","category-goriska","category-prirditve"],"featured_image_urls":{"full":["https:\/\/areafilm.si\/wordpress\/wp-content\/uploads\/2016\/08\/zlikrofi03.jpg",1334,891,false],"thumbnail":["https:\/\/areafilm.si\/wordpress\/wp-content\/uploads\/2016\/08\/zlikrofi03-500x280.jpg",500,280,true],"medium":["https:\/\/areafilm.si\/wordpress\/wp-content\/uploads\/2016\/08\/zlikrofi03-600x365.jpg",600,365,true],"medium_large":["https:\/\/areafilm.si\/wordpress\/wp-content\/uploads\/2016\/08\/zlikrofi03-768x513.jpg",640,428,true],"large":["https:\/\/areafilm.si\/wordpress\/wp-content\/uploads\/2016\/08\/zlikrofi03-840x480.jpg",640,366,true],"1536x1536":["https:\/\/areafilm.si\/wordpress\/wp-content\/uploads\/2016\/08\/zlikrofi03.jpg",1334,891,false],"2048x2048":["https:\/\/areafilm.si\/wordpress\/wp-content\/uploads\/2016\/08\/zlikrofi03.jpg",1334,891,false],"covernews-featured":["https:\/\/areafilm.si\/wordpress\/wp-content\/uploads\/2016\/08\/zlikrofi03.jpg",1024,684,false],"covernews-medium":["https:\/\/areafilm.si\/wordpress\/wp-content\/uploads\/2016\/08\/zlikrofi03.jpg",509,340,false],"woocommerce_thumbnail":["https:\/\/areafilm.si\/wordpress\/wp-content\/uploads\/2016\/08\/zlikrofi03-300x300.jpg",300,300,true],"woocommerce_single":["https:\/\/areafilm.si\/wordpress\/wp-content\/uploads\/2016\/08\/zlikrofi03-600x401.jpg",600,401,true],"woocommerce_gallery_thumbnail":["https:\/\/areafilm.si\/wordpress\/wp-content\/uploads\/2016\/08\/zlikrofi03-100x100.jpg",100,100,true]},"author_info":{"info":["Uredni\u0161tvo Primorski Utrip"]},"category_info":"<a href=\"https:\/\/areafilm.si\/wordpress\/category\/goriska\/\" rel=\"category tag\">Gori\u0161ka<\/a> <a href=\"https:\/\/areafilm.si\/wordpress\/category\/prirditve\/\" rel=\"category tag\">Prireditve<\/a>","tag_info":"Prireditve","comment_count":"0","_links":{"self":[{"href":"https:\/\/areafilm.si\/wordpress\/wp-json\/wp\/v2\/posts\/3814","targetHints":{"allow":["GET"]}}],"collection":[{"href":"https:\/\/areafilm.si\/wordpress\/wp-json\/wp\/v2\/posts"}],"about":[{"href":"https:\/\/areafilm.si\/wordpress\/wp-json\/wp\/v2\/types\/post"}],"author":[{"embeddable":true,"href":"https:\/\/areafilm.si\/wordpress\/wp-json\/wp\/v2\/users\/4"}],"replies":[{"embeddable":true,"href":"https:\/\/areafilm.si\/wordpress\/wp-json\/wp\/v2\/comments?post=3814"}],"version-history":[{"count":2,"href":"https:\/\/areafilm.si\/wordpress\/wp-json\/wp\/v2\/posts\/3814\/revisions"}],"predecessor-version":[{"id":3819,"href":"https:\/\/areafilm.si\/wordpress\/wp-json\/wp\/v2\/posts\/3814\/revisions\/3819"}],"wp:featuredmedia":[{"embeddable":true,"href":"https:\/\/areafilm.si\/wordpress\/wp-json\/wp\/v2\/media\/3817"}],"wp:attachment":[{"href":"https:\/\/areafilm.si\/wordpress\/wp-json\/wp\/v2\/media?parent=3814"}],"wp:term":[{"taxonomy":"category","embeddable":true,"href":"https:\/\/areafilm.si\/wordpress\/wp-json\/wp\/v2\/categories?post=3814"},{"taxonomy":"post_tag","embeddable":true,"href":"https:\/\/areafilm.si\/wordpress\/wp-json\/wp\/v2\/tags?post=3814"}],"curies":[{"name":"wp","href":"https:\/\/api.w.org\/{rel}","templated":true}]}}