{"id":3821,"date":"2016-08-23T18:03:10","date_gmt":"2016-08-23T16:03:10","guid":{"rendered":"http:\/\/slo5.net\/wordpress\/?p=3821"},"modified":"2016-08-29T20:50:12","modified_gmt":"2016-08-29T18:50:12","slug":"letos-bodo-na-tartinijevem-trgu-telovadili-tudi-zupani-drugih-obcin","status":"publish","type":"post","link":"https:\/\/areafilm.si\/wordpress\/letos-bodo-na-tartinijevem-trgu-telovadili-tudi-zupani-drugih-obcin\/","title":{"rendered":"Letos bodo na Tartinijevem trgu telovadili tudi \u017eupani drugih ob\u010din"},"content":{"rendered":"<p>V soboto, 27. avgusta s pri\u010detkom ob 8.uri, se bo na Tartinijevem trgu odvijalo \u017ee 8. vseslovensko sre\u010danje skupin \u0160ole zdravja v Piranu &#8211; <strong>&#8220;Telovadimo v Piranu 2016&#8221;<\/strong>. ki ga prireja <strong>Dru\u0161tvo \u0160ola zdravja &#8211; podru\u017enica Obala<\/strong> v sodelovanju z <strong>Ob\u010dino Piran.<\/strong> Za leto\u0161nje sre\u010danje piranski \u017eupan <strong>Peter Bossman<\/strong> vabi \u017eupane vseh 45 ob\u010din v katerih delujejo skupine \u0160ole zdravja naj se jim pridru\u017eijo na Tartinijevem trgu. Tako se bo doma\u010dim skupinam na Tartinijevem trgu pridru\u017eilo okrog 600 udele\u017eencev iz cele Slovenije skupaj z njihovimi \u017eupani. Pod vodstvom idejnega vodjo in ustanovitelja D\u0160Z <strong>Nikolaya Grishina<\/strong>, bodo \u0161ir\u0161i javnosti prikazali jutranjo telovadbo \u00bb1000 gibov\u00ab, ki jo ve\u010d kot 2000 \u010dlanov vsako jutro izvaja po celi Sloveniji. Vztrajnim telovadcem v oran\u017enem se lahko pridru\u017eijo tudi mimoido\u010di. Telovadba je primerna za vse generacije, saj ob navodilih dr. Grishina vsak lahko pol ure nemoteno telovadi ter svoj dan za\u010dne prijetno in zdravo, saj so vaje enostavne in primerne za ljudi vseh starosti.<\/p>\n<p><a href=\"http:\/\/slo5.net\/wordpress\/wp-content\/uploads\/2016\/08\/DSC_8883.jpg\"><img loading=\"lazy\" decoding=\"async\" class=\"alignnone size-large wp-image-3823\" src=\"http:\/\/slo5.net\/wordpress\/wp-content\/uploads\/2016\/08\/DSC_8883-1024x746.jpg\" alt=\"DSC_8883\" width=\"640\" height=\"466\" \/><\/a><\/p>\n","protected":false},"excerpt":{"rendered":"<p>V soboto, 27. avgusta s pri\u010detkom ob 8.uri, se bo na Tartinijevem trgu odvijalo \u017ee&#8230;<\/p>\n","protected":false},"author":4,"featured_media":3822,"comment_status":"open","ping_status":"closed","sticky":false,"template":"","format":"standard","meta":{"footnotes":""},"categories":[8],"tags":[],"class_list":["post-3821","post","type-post","status-publish","format-standard","has-post-thumbnail","hentry","category-prirditve"],"featured_image_urls":{"full":["https:\/\/areafilm.si\/wordpress\/wp-content\/uploads\/2016\/08\/DSC_8898.jpg",1200,672,false],"thumbnail":["https:\/\/areafilm.si\/wordpress\/wp-content\/uploads\/2016\/08\/DSC_8898-500x280.jpg",500,280,true],"medium":["https:\/\/areafilm.si\/wordpress\/wp-content\/uploads\/2016\/08\/DSC_8898-600x365.jpg",600,365,true],"medium_large":["https:\/\/areafilm.si\/wordpress\/wp-content\/uploads\/2016\/08\/DSC_8898-768x430.jpg",640,358,true],"large":["https:\/\/areafilm.si\/wordpress\/wp-content\/uploads\/2016\/08\/DSC_8898-840x480.jpg",640,366,true],"1536x1536":["https:\/\/areafilm.si\/wordpress\/wp-content\/uploads\/2016\/08\/DSC_8898.jpg",1200,672,false],"2048x2048":["https:\/\/areafilm.si\/wordpress\/wp-content\/uploads\/2016\/08\/DSC_8898.jpg",1200,672,false],"covernews-featured":["https:\/\/areafilm.si\/wordpress\/wp-content\/uploads\/2016\/08\/DSC_8898.jpg",1024,573,false],"covernews-medium":["https:\/\/areafilm.si\/wordpress\/wp-content\/uploads\/2016\/08\/DSC_8898.jpg",540,302,false],"woocommerce_thumbnail":["https:\/\/areafilm.si\/wordpress\/wp-content\/uploads\/2016\/08\/DSC_8898-300x300.jpg",300,300,true],"woocommerce_single":["https:\/\/areafilm.si\/wordpress\/wp-content\/uploads\/2016\/08\/DSC_8898-600x336.jpg",600,336,true],"woocommerce_gallery_thumbnail":["https:\/\/areafilm.si\/wordpress\/wp-content\/uploads\/2016\/08\/DSC_8898-100x100.jpg",100,100,true]},"author_info":{"info":["Uredni\u0161tvo Primorski Utrip"]},"category_info":"<a href=\"https:\/\/areafilm.si\/wordpress\/category\/prirditve\/\" rel=\"category tag\">Prireditve<\/a>","tag_info":"Prireditve","comment_count":"0","_links":{"self":[{"href":"https:\/\/areafilm.si\/wordpress\/wp-json\/wp\/v2\/posts\/3821","targetHints":{"allow":["GET"]}}],"collection":[{"href":"https:\/\/areafilm.si\/wordpress\/wp-json\/wp\/v2\/posts"}],"about":[{"href":"https:\/\/areafilm.si\/wordpress\/wp-json\/wp\/v2\/types\/post"}],"author":[{"embeddable":true,"href":"https:\/\/areafilm.si\/wordpress\/wp-json\/wp\/v2\/users\/4"}],"replies":[{"embeddable":true,"href":"https:\/\/areafilm.si\/wordpress\/wp-json\/wp\/v2\/comments?post=3821"}],"version-history":[{"count":2,"href":"https:\/\/areafilm.si\/wordpress\/wp-json\/wp\/v2\/posts\/3821\/revisions"}],"predecessor-version":[{"id":3825,"href":"https:\/\/areafilm.si\/wordpress\/wp-json\/wp\/v2\/posts\/3821\/revisions\/3825"}],"wp:featuredmedia":[{"embeddable":true,"href":"https:\/\/areafilm.si\/wordpress\/wp-json\/wp\/v2\/media\/3822"}],"wp:attachment":[{"href":"https:\/\/areafilm.si\/wordpress\/wp-json\/wp\/v2\/media?parent=3821"}],"wp:term":[{"taxonomy":"category","embeddable":true,"href":"https:\/\/areafilm.si\/wordpress\/wp-json\/wp\/v2\/categories?post=3821"},{"taxonomy":"post_tag","embeddable":true,"href":"https:\/\/areafilm.si\/wordpress\/wp-json\/wp\/v2\/tags?post=3821"}],"curies":[{"name":"wp","href":"https:\/\/api.w.org\/{rel}","templated":true}]}}