{"id":3860,"date":"2016-08-25T19:51:39","date_gmt":"2016-08-25T17:51:39","guid":{"rendered":"http:\/\/slo5.net\/wordpress\/?p=3860"},"modified":"2016-08-26T11:49:24","modified_gmt":"2016-08-26T09:49:24","slug":"tiskovna-konferenca-policije-o-dvojnem-umoru-v-izolski-bolnisnici-video","status":"publish","type":"post","link":"https:\/\/areafilm.si\/wordpress\/tiskovna-konferenca-policije-o-dvojnem-umoru-v-izolski-bolnisnici-video\/","title":{"rendered":"Tiskovna konferenca Policije o dvojnem umoru v izolski bolni\u0161nici (VIDEO)"},"content":{"rendered":"<p>V \u010detrtek, 24. avgusta so na koprski policijski postaji pripravili tiskovno konferenco o dogodkih, ki so 22. avgusta pretresli celotno Slovenijo. Takrat je 70-letni osumljenec umoril 36-letnega zdravnika, sicer znanega urologa in 43-letnega policista Prometne policije Koper, kateri se je \u010disto po naklju\u010dju nahajal v bolni\u0161nici. Kasneje je storilec ustrelil \u0161e drugega policista, vendar je ta po hitri intervenciji zdravni\u0161ke ekipe izven \u017eivljenske nevarnosti, sam pa je izgubil \u017eivljenje v svojem avtu, vendar ker preiskava \u0161e ni zaklju\u010dena, ni \u0161e povsem jasno ali so bili usodni streli policistov ali pa si je sodil sam. Odgovor na to bo pokazala obdukcija. Na tiskovni konferenci sta sodelovala \u00a0direktor Policijske uprave Koper Danimir Rebec in vodja sektorja kriminalisti\u010dne policije PU Koper Dean Juri\u010d.<\/p>\n<p>Celotno novinarsko konferenco si lahko ogledate na spodnjem posnetku.<\/p>\n<p><code><iframe loading=\"lazy\" src=\"https:\/\/www.youtube.com\/embed\/1Lo2QqZZt-Q\" width=\"560\" height=\"315\" frameborder=\"0\" allowfullscreen=\"allowfullscreen\"><\/iframe><\/code><\/p>\n<p><a href=\"http:\/\/slo5.net\/wordpress\/wp-content\/uploads\/2016\/08\/20160824_124125.jpg\"><img loading=\"lazy\" decoding=\"async\" class=\"alignnone size-large wp-image-3845\" src=\"http:\/\/slo5.net\/wordpress\/wp-content\/uploads\/2016\/08\/20160824_124125-1024x576.jpg\" alt=\"20160824_124125\" width=\"640\" height=\"360\" \/><\/p>\n<p><\/a><\/p>\n<p><strong>Danimir\u00a0\u00a0 Rebec,\u00a0\u00a0 direktor\u00a0 Policisjke\u00a0 uprave\u00a0 Koper,\u00a0 je\u00a0 na\u00a0 novinarski konferenci danes povedal:<\/strong><\/p>\n<p>&#8220;Na\u00a0 PU\u00a0 Koper\u00a0 smo\u00a0 pretreseni in prizadeti ob tragi\u010dni izgubi 43-letnega sodelavca,\u00a0 policista\u00a0 Prometne Policijske Postaje Koper. <strong>Ivo \u017dnidar\u010di\u010d<\/strong> je\u00a0 pri opravljanju policijskih\u00a0 nalog\u00a0 v\u00a0 ponedeljek\u00a0 v bolnici Izola izgubil svoje \u017eivljenje, zaradi\u00a0 zahrbtnega\u00a0 napada\u00a0 70-letnega\u00a0 storilca.\u00a0 To\u00a0 je\u00a0 v\u00a0 moji 34-letni policijski\u00a0 karieri\u00a0 najbolj\u00a0 tragi\u010dni dogodek, za katerega sem upal, da se nikoli\u00a0 ne bo zgodil. Ob tem tragi\u010dnem dogodku izrekam iskreno so\u017ealje vsem policistkam\u00a0\u00a0 in\u00a0 policistom,\u00a0 svojcem\u00a0 pokojnega\u00a0 policista\u00a0 ter\u00a0 njegovim prijateljem.<\/p>\n<p>Prav\u00a0\u00a0 tako\u00a0\u00a0 izrekam\u00a0 iskreno\u00a0 so\u017ealje\u00a0 dru\u017eini,\u00a0 sorodnikom,\u00a0 kolegom\u00a0 in sodelavcem ustreljenega zdravnika. Za\u00a0 vodje\u00a0 ni\u00a0 te\u017ejega\u00a0 trenutka,\u00a0 kot\u00a0 svojcem umrlega sodelavca sporo\u010diti \u017ealostno\u00a0 novico,\u00a0 da se njihov najbli\u017eji ne bo vrnil ve\u010d domov iz slu\u017ebe, ki\u00a0 jo\u00a0 je\u00a0 opravljal\u00a0 vestno\u00a0 in\u00a0 po\u0161teno. Skupaj z generalnim direktorjem policije\u00a0 in\u00a0 komandirjem PPP Koper smo to \u017ealostno novico svojem sporo\u010dili \u0161e isti dan. Pred\u00a0 eno\u00a0 uro\u00a0 pa\u00a0 sem\u00a0 se\u00a0 vrnil\u00a0 iz\u00a0 Ljubljane,\u00a0 kjer\u00a0 sva\u00a0 z generalnim direktorjem policije<strong> g. Fankom<\/strong> v univerzitetnem klini\u010dnem centru obiskala v istem\u00a0 dogodku\u00a0 s\u00a0 strelnim oro\u017ejem te\u017eko ranjenega 46-letnega policista PP Izola<strong> Ljuba Krajnca<\/strong>. Policist,\u00a0 ki\u00a0 je\u00a0 bil\u00a0 s\u00a0 helikopterjem\u00a0 slovenske policije,\u00a0 \u0161e\u00a0 isti\u00a0 dan\u00a0 odpeljan\u00a0 v UKC v Ljubljano in takoj operiran, je pre\u017eivel\u00a0 izklju\u010dno\u00a0 zaradi\u00a0 hitrega\u00a0 odziva in strokovne oskrbe zdravni\u0161ke ekipe \u00a0Bolnice Izola na kraju dogodka in zdravni\u0161ke ekipe UKC Ljubljana, za kar\u00a0 se\u00a0 jim\u00a0 iz\u00a0 srca iskreno zahvaljujem. Zdravstveno stanje policista je trenutno\u00a0 stabilno in uspe\u0161no okreva. Z optimizmom pri\u010dakujem, da se bo \u010dim prej lahko vrnil k svoji dru\u017eini in med svoje sodelavce.<br \/>\nVsem\u00a0 policistom,\u00a0 ki\u00a0 so\u00a0 bili\u00a0 udele\u017eeni\u00a0 pri\u00a0 navedenem izredno stresnem dogodku,\u00a0 je\u00a0 bila\u00a0 \u017ee\u00a0 na kraju samem ponujena psiholo\u0161ka pomo\u010d, ki sta jo nudili\u00a0 dve\u00a0 na\u0161i\u00a0 psihologinji. V nadaljevanju pa je bila psiholo\u0161ka pomo\u010d nudena\u00a0 tudi\u00a0 drugim\u00a0 policistom\u00a0 PPP\u00a0 Koper in PP Izola, ki so bili zaradi \u017ertev med njihovimi sodelavci najbolj prizadeti.<br \/>\nOb\u00a0 takih\u00a0 trenutkih\u00a0 se\u00a0 vsi\u00a0 \u0161e\u00a0 bolj\u00a0 zavedamo,\u00a0 da\u00a0 poklic policista ni primerljiv\u00a0 z drugimi poklici in v vsakem trenutku pomeni tudi nevarnost za \u017eivljenje policista \u017ee samo zaradi tega, ker nosi policijsko uniformo. Naredili\u00a0 bomo\u00a0 vse, da do tak\u0161nih dejanj ne bo ve\u010d prihajalo, \u010deprav 100 % varnosti\u00a0 ni mogo\u010de zagotoviti. To se je pokazalo tudi v tem primeru, ko je bil\u00a0 policist ustreljen oziroma umorjen na tako brezobziren na\u010din, da sploh ni imel mo\u017enosti, da bi se branil. &#8221;<\/p>\n<p><strong>Dean\u00a0 Juri\u010d,\u00a0 vodja\u00a0 Sektorja\u00a0 kriminalisti\u010dne\u00a0 policije\u00a0 PU\u00a0 Koper,\u00a0 je na novinarski\u00a0 konferenci\u00a0 predstavil\u00a0 do\u00a0 sedaj\u00a0 znane\u00a0 ugotovitve\u00a0 preiskave ponedeljkovega dogajanja v in pred izolsko bolni\u0161nico:<\/strong><\/p>\n<p>V\u00a0 ponedeljek,\u00a0 22. 8. 2016, je OKC PU Koper ob 15:08 uri in kasneje prejel ve\u010d\u00a0 klicev, da v Splo\u0161ni bolni\u0161nici Izola nekdo strelja. Neznani mo\u0161ki naj bi\u00a0 ustrelil\u00a0 zdravnika\u00a0 in\u00a0 nato\u00a0 \u0161e\u00a0 policista.\u00a0 Nemudoma so bile na kraj napotene patrulje razli\u010dnih policijskih enot Policijske uprave Koper.<\/p>\n<p>Po\u00a0 do\u00a0 sedaj\u00a0 zbranih\u00a0 obvestilih\u00a0 in\u00a0 dokazih\u00a0 izhaja,\u00a0 da se je 70-letni osumljenec\u00a0 iz Sv. Antona pri Kopru med 13:00 in 15:00 uro od doma s svojim osebnim\u00a0 avtomobilom\u00a0 znamke\u00a0 Chevrolet\u00a0 Aveo,\u00a0 srebrne barve, pripeljal do Splo\u0161ne\u00a0 bolni\u0161nice\u00a0 Izola, do tamkaj\u0161njega zdravnika, ki je osumljenega \u017ee dlje \u010dasa zdravil. Osumljeni\u00a0 je\u00a0 s\u00a0 seboj imel pi\u0161tolo izbrisanih identifikacijskih oznak, za katero\u00a0 ni\u00a0 imel\u00a0 nobenih\u00a0 dovoljenj.\u00a0 Okoli\u00a0 15:00 ure se je na pritli\u010dnem hodniku\u00a0 pred\u00a0 recepcijo\u00a0 sre\u010dal\u00a0 z zdravnikom in ga po kraj\u0161em pogovoru na pritli\u010dnem hodniku pri recepciji, kljub zdravnikovem begu, ve\u010dkrat ustrelil v\u00a0 zgornji\u00a0 dela\u00a0 telesa\u00a0 in v glavo. Zdravnik je kasneje, isti dan, zaradi po\u0161kodb umrl. Po\u00a0 streljanju\u00a0 se\u00a0 je\u00a0 osumljeni\u00a0 namenil\u00a0 v prostore novega dela urgence. Strele je sli\u0161al tudi 43-letni policist Postaje prometne policije Koper, ki je\u00a0 bil\u00a0 v\u00a0 SB\u00a0 Izola\u00a0 v\u00a0 tistem\u00a0 \u010dasu\u00a0 zaradi drugih slu\u017ebenih nalog in je prihitel\u00a0 v\u00a0 smeri streljanja. Osumljeni je policista na hodniku urgence SB Izola\u00a0 pri\u010dakal v prehodu iz prostorov SB Izola v urgentni del in ga enkrat iz\u00a0 neposredne\u00a0 bli\u017eine ustrelil v prsi. Policist je kasneje zaradi strelne rane, navkljub nudeni zdravni\u0161ki, pomo\u010di umrl.<\/p>\n<p>Osumljeni je po strelu v policista ostal brez nabojev v svoji pi\u0161toli, zato je\u00a0 v\u00a0 nadaljevanju\u00a0 vzel\u00a0 slu\u017ebeno\u00a0 pi\u0161tolo\u00a0 ustreljenega policista, svojo prazno\u00a0 pi\u0161tolo\u00a0 pa pustil na kraju umora policista. Nato je na dvori\u0161\u010du SB Izola\u00a0 spro\u017eil\u00a0 \u0161e najmanj en strel iz odvzete policijske pi\u0161tole (sumi se, da\u00a0 je\u00a0 \u0161lo za preizku\u0161anje oro\u017eja), nato pa od\u0161el do svojega avtomobila in se odpeljal proti zapornicam pri vhodu na parkiri\u0161\u010de.<\/p>\n<p>V\u00a0 tem\u00a0 trenutku\u00a0 je\u00a0 na\u00a0 kraj\u00a0 zaradi\u00a0 obvestila\u00a0 o\u00a0 streljanju pri\u0161lo ve\u010d policijskih\u00a0 patrulj,\u00a0 med\u00a0 njimi\u00a0 tudi patrulja Policijske postaje Izola v kateri sta bila dva policista. Policista za zablokirala izhod iz parkirnega prostora\u00a0 SB\u00a0 Izola,\u00a0 pri\u00a0 tem\u00a0 pa\u00a0 zaznala izstop dveh osebnih avtomobilov Chevrolet Aveo, srebrne barve, s parkirnega prostora. Ne vedo\u010d v katerem od vozil\u00a0 se preva\u017ea osumljeni kaznivega dejanja umora, sta vsak od policistov pristopila k enemu ustavljenemu Chevrolet Aveu. Pri tem je osumljeni, ki je bil\u00a0 v drugem Chevrolet Aveu, skozi odprto okno vozila, pri\u010del streljati na 46-letnega\u00a0 policista in ga, kljub oble\u010denemu neprebojnemu jopi\u010du, ustrelil pod\u00a0 pazduho.\u00a0 Policista\u00a0 sta\u00a0 na\u00a0 streljanje\u00a0 odgovorila s streli, vsak iz svojega oro\u017eja, storilec pa se je nato po do sedaj zbranih obvestili \u0161e sam ustrelil\u00a0 v\u00a0\u00a0 glavo\u00a0 in\u00a0 oble\u017eal\u00a0 v\u00a0 vozilu,\u00a0 kjer je umrl \u0161e pred prihodom zdravni\u0161kega osebja na kraj.<\/p>\n<p>Na\u00a0 podlagi\u00a0 zbranih\u00a0 obvestil\u00a0 in\u00a0 zase\u017eene zdravstvene dokumentacije v SB Izola\u00a0 za\u00a0 osumljenega,\u00a0 je\u00a0 bilo\u00a0 ugotovljeno, da na dan streljanja ni bil sprejet\u00a0 v\u00a0 obravnavo\u00a0 v\u00a0 SB Izola in prav tako za ta dan ni bil naro\u010den na nobeno\u00a0 zdravstveno\u00a0 storitev.\u00a0 Z\u00a0 zbiranjem\u00a0 obvestil\u00a0 se\u00a0 je\u00a0 v preiskavi ugotovilo\u00a0 tudi,\u00a0 da\u00a0 je\u00a0 osumljeni\u00a0 ve\u010dkrat\u00a0 poto\u017eil,\u00a0 da\u00a0 ga\u00a0 \u017eeli njegov zdravnik,\u00a0 ki ga je zdravil, \u00bbuni\u010diti\u00ab ter da navedenega zdravnika ne briga zanj,\u00a0 saj\u00a0 ga\u00a0 \u017ee\u00a0 od\u00a0 oktobra\u00a0 ni\u00a0 poslal na potrebna zdravljenja. Na dan dogodka\u00a0 je\u00a0 znancu\u00a0 rekel, naj mu uredi pogreb kot je potrebno ter da \u017eeli imeti\u00a0 \u017earo.\u00a0 Znanec\u00a0 je\u00a0 predvideval, da se je osumljeni sprijaznil, da bo umrl\u00a0 zaradi\u00a0 svojih\u00a0 zdravstvenih\u00a0 te\u017eav\u00a0 in zaradi tega ni posve\u010dal ve\u010dje pozornosti\u00a0 na\u00a0 osumljen\u010deve\u00a0 besede.\u00a0 Prav tako je bilo ugotovljeno, da je osumljeni\u00a0 \u017ee\u00a0 dan\u00a0 prej,\u00a0 torej\u00a0 v\u00a0 nedeljo,\u00a0 21.\u00a0 8. 2016, poizvedoval za umorjenim zdravnikom, ki pa je bil odsoten.<br \/>\nV\u00a0 torek,\u00a0 23.\u00a0 8.\u00a0 2016,\u00a0 so\u00a0 koprski kriminalisti podali pobudo Okro\u017enemu sodi\u0161\u010du v Kopru za opravo hi\u0161ne preiskave stanovanja osumljenega, pri \u010demer je\u00a0 bila\u00a0 pobuda\u00a0 Policije\u00a0 oz.\u00a0 Okro\u017enega\u00a0 dr\u017eavnega\u00a0 to\u017eilstva\u00a0 iz\u00a0 Kopra zavrnjena\u00a0 s\u00a0 strani\u00a0 sodi\u0161\u010da\u00a0 z\u00a0 obrazlo\u017eitvijo,\u00a0 da\u00a0 se\u00a0 zoper\u00a0 pokojnega osumljenca\u00a0 ne\u00a0 more\u00a0 voditi\u00a0 kazenski\u00a0 postopek\u00a0 in zato tudi oprava hi\u0161ne preiskave\u00a0 oz.\u00a0 najdba\u00a0 dodatnih\u00a0 dokazov\u00a0 ni\u00a0 potrebna.\u00a0 \u0160e \u00a0isti\u00a0 dan\u00a0 so kriminalisti\u00a0 na vabilo lastnika stanovanja, ki ga je uporabljal osumljeni, vstopili\u00a0 v\u00a0 stanovanje\u00a0 in\u00a0 od lastnika prevzeli avtomatsko pu\u0161ko Thompson M1A1 kal. 45 z naboji.<\/p>\n<p>Koprski\u00a0\u00a0 kriminalisti\u00a0 preiskujejo\u00a0 storjena\u00a0 dejanja\u00a0 osumljenega\u00a0 zaradi utemeljenih\u00a0 razlogov\u00a0 za\u00a0 sum, da je izvr\u0161il dve kaznivi dejanji umora (po IV. oz. II. odst. 116. \u010dlena KZ-1) in eno kaznivo dejanje poskusa umora (po II.\u00a0 odst.\u00a0 116. \u010dlena KZ-1 v zvezi s 34. \u010dl. KZ-1), saj je 22. 8. 2016 med 15:00 in 15:20 uro v oz. pred SB Izola, s strelnim oro\u017ejem iz brezobzirnega ma\u0161\u010devanja\u00a0 umoril svojega zdravnika, zaradi ukrepanja pri uradnih dejanjih varovanja\u00a0 javne varnosti pa na isti na\u010din umoril tudi 43-letnega policista ter posku\u0161al umoriti 46-letnega policista, ki ga je posku\u0161al zaustaviti. Na podlagi\u00a0 najdbe\u00a0 avtomatske\u00a0 pu\u0161ke\u00a0 v\u00a0 stanovanju osumljenega izhajajo tudi utemeljeni\u00a0\u00a0 razlogi\u00a0\u00a0 za\u00a0\u00a0 sum\u00a0\u00a0 storitve\u00a0 kaznivega\u00a0 dejanja\u00a0 nedovoljene proizvodnje\u00a0 in\u00a0 prometa\u00a0 oro\u017eja\u00a0 ali eksplozivov (po 307. \u010dlenu Kazenskega zakonika).<\/p>\n<p>Zoper pokojnega osumljenca bomo koprski kriminalisti podali poro\u010dilo na Okro\u017eno Dr\u017eavno To\u017eilstvo v Kopru.<\/p>\n<p>&nbsp;<\/p>\n<p><a href=\"http:\/\/slo5.net\/wordpress\/wp-content\/uploads\/2016\/08\/Izola1.jpg\"><img loading=\"lazy\" decoding=\"async\" class=\"alignnone size-large wp-image-3840\" src=\"http:\/\/slo5.net\/wordpress\/wp-content\/uploads\/2016\/08\/Izola1-1024x683.jpg\" alt=\"Izola1\" width=\"640\" height=\"427\" \/><\/a><\/p>\n<p><a href=\"http:\/\/slo5.net\/wordpress\/wp-content\/uploads\/2016\/08\/Izola3.jpg\"><img loading=\"lazy\" decoding=\"async\" class=\"alignnone size-large wp-image-3841\" src=\"http:\/\/slo5.net\/wordpress\/wp-content\/uploads\/2016\/08\/Izola3-1024x683.jpg\" alt=\"Izola3\" width=\"640\" height=\"427\" \/><\/a><\/p>\n","protected":false},"excerpt":{"rendered":"<p>V \u010detrtek, 24. avgusta so na koprski policijski postaji pripravili tiskovno konferenco o dogodkih, ki&#8230;<\/p>\n","protected":false},"author":4,"featured_media":3844,"comment_status":"open","ping_status":"closed","sticky":false,"template":"","format":"standard","meta":{"footnotes":""},"categories":[24],"tags":[],"class_list":["post-3860","post","type-post","status-publish","format-standard","has-post-thumbnail","hentry","category-obala"],"featured_image_urls":{"full":["https:\/\/areafilm.si\/wordpress\/wp-content\/uploads\/2016\/08\/14115450_1416725395010557_4496659616182400543_o.jpg",2048,1536,false],"thumbnail":["https:\/\/areafilm.si\/wordpress\/wp-content\/uploads\/2016\/08\/14115450_1416725395010557_4496659616182400543_o-500x280.jpg",500,280,true],"medium":["https:\/\/areafilm.si\/wordpress\/wp-content\/uploads\/2016\/08\/14115450_1416725395010557_4496659616182400543_o-600x365.jpg",600,365,true],"medium_large":["https:\/\/areafilm.si\/wordpress\/wp-content\/uploads\/2016\/08\/14115450_1416725395010557_4496659616182400543_o-768x576.jpg",640,480,true],"large":["https:\/\/areafilm.si\/wordpress\/wp-content\/uploads\/2016\/08\/14115450_1416725395010557_4496659616182400543_o-840x480.jpg",640,366,true],"1536x1536":["https:\/\/areafilm.si\/wordpress\/wp-content\/uploads\/2016\/08\/14115450_1416725395010557_4496659616182400543_o.jpg",1536,1152,false],"2048x2048":["https:\/\/areafilm.si\/wordpress\/wp-content\/uploads\/2016\/08\/14115450_1416725395010557_4496659616182400543_o.jpg",2048,1536,false],"covernews-featured":["https:\/\/areafilm.si\/wordpress\/wp-content\/uploads\/2016\/08\/14115450_1416725395010557_4496659616182400543_o.jpg",1024,768,false],"covernews-medium":["https:\/\/areafilm.si\/wordpress\/wp-content\/uploads\/2016\/08\/14115450_1416725395010557_4496659616182400543_o.jpg",453,340,false],"woocommerce_thumbnail":["https:\/\/areafilm.si\/wordpress\/wp-content\/uploads\/2016\/08\/14115450_1416725395010557_4496659616182400543_o-300x300.jpg",300,300,true],"woocommerce_single":["https:\/\/areafilm.si\/wordpress\/wp-content\/uploads\/2016\/08\/14115450_1416725395010557_4496659616182400543_o-600x450.jpg",600,450,true],"woocommerce_gallery_thumbnail":["https:\/\/areafilm.si\/wordpress\/wp-content\/uploads\/2016\/08\/14115450_1416725395010557_4496659616182400543_o-100x100.jpg",100,100,true]},"author_info":{"info":["Uredni\u0161tvo Primorski Utrip"]},"category_info":"<a href=\"https:\/\/areafilm.si\/wordpress\/category\/obala\/\" rel=\"category tag\">Obala<\/a>","tag_info":"Obala","comment_count":"0","_links":{"self":[{"href":"https:\/\/areafilm.si\/wordpress\/wp-json\/wp\/v2\/posts\/3860","targetHints":{"allow":["GET"]}}],"collection":[{"href":"https:\/\/areafilm.si\/wordpress\/wp-json\/wp\/v2\/posts"}],"about":[{"href":"https:\/\/areafilm.si\/wordpress\/wp-json\/wp\/v2\/types\/post"}],"author":[{"embeddable":true,"href":"https:\/\/areafilm.si\/wordpress\/wp-json\/wp\/v2\/users\/4"}],"replies":[{"embeddable":true,"href":"https:\/\/areafilm.si\/wordpress\/wp-json\/wp\/v2\/comments?post=3860"}],"version-history":[{"count":3,"href":"https:\/\/areafilm.si\/wordpress\/wp-json\/wp\/v2\/posts\/3860\/revisions"}],"predecessor-version":[{"id":3863,"href":"https:\/\/areafilm.si\/wordpress\/wp-json\/wp\/v2\/posts\/3860\/revisions\/3863"}],"wp:featuredmedia":[{"embeddable":true,"href":"https:\/\/areafilm.si\/wordpress\/wp-json\/wp\/v2\/media\/3844"}],"wp:attachment":[{"href":"https:\/\/areafilm.si\/wordpress\/wp-json\/wp\/v2\/media?parent=3860"}],"wp:term":[{"taxonomy":"category","embeddable":true,"href":"https:\/\/areafilm.si\/wordpress\/wp-json\/wp\/v2\/categories?post=3860"},{"taxonomy":"post_tag","embeddable":true,"href":"https:\/\/areafilm.si\/wordpress\/wp-json\/wp\/v2\/tags?post=3860"}],"curies":[{"name":"wp","href":"https:\/\/api.w.org\/{rel}","templated":true}]}}