{"id":3909,"date":"2016-08-30T11:13:41","date_gmt":"2016-08-30T09:13:41","guid":{"rendered":"http:\/\/slo5.net\/wordpress\/?p=3909"},"modified":"2016-09-02T08:47:49","modified_gmt":"2016-09-02T06:47:49","slug":"otroski-tek-na-obali-to-soboto-v-secovljah","status":"publish","type":"post","link":"https:\/\/areafilm.si\/wordpress\/otroski-tek-na-obali-to-soboto-v-secovljah\/","title":{"rendered":"Otro\u0161ki tek na Obali to soboto v Se\u010dovljah"},"content":{"rendered":"<p>V soboto, 3. septembra bo v Se\u010dovljah potekal 1. Mal\u010dkov tek na Obali, katerega namen je spodbujanje gibanja in zdravega ter aktivnega \u017eivljenjskega sloga na\u0161ih najmlaj\u0161ih.\u00a0 \u017de na prvem teku se pri\u010dakuje preko 1000 ljudi, saj je na tek prijavljenih \u017ee 270 mladih teka\u010dev, ki bodo v spremstvo svojih star\u0161ev v ve\u010dini do\u017eiveli svojo prvo teka\u0161ko preizku\u0161njo.<strong>\u00a0<\/strong>Z namenom spodbujanja najmlaj\u0161ih h gibanju in aktivnemu pre\u017eivljanju prostega \u010dasa, so v <strong>Mal\u010dkovem \u0161portu<\/strong> skupaj s Fakulteto za \u0161port in Laboratorijem za diagnostiko telesnega in gibalnega razvoja izoblikovali programe namenjene otrokom med 3. in 9. letom starosti, s katerimi \u017eelijo pozitivno vplivati na razvoj mladih generacij ter jih spodbuditi k vsakodnevnemu gibanju. Prekomerna te\u017ea otrok je v Sloveniji \u0161e vedno pere\u010d problem, \u010deprav se po podatkih poro\u010dila SLOfit, ki ga je pripravila Katedra za \u0161olsko \u0161portno vzgojo Fakultete za \u0161port, ka\u017eejo pozitivni trendi v smeri izbolj\u0161anja. V desetih letih svojega delovanja so tudi v Mal\u010dkovem \u0161portu v rekreativnih aktivnostih povezali <strong>\u017ee ve\u010d kot\u00a0 30.000 otrok<\/strong> iz Koro\u0161ke in Primorske regije, \u017ee v leto\u0161njem letu pa bodo programe ponudili tudi najmlaj\u0161im na \u0160tajerskem.<\/p>\n<p><strong>Gregor Likar<\/strong>, idejni vodja Mal\u010dkovega \u0161porta in Mal\u010dkovega teka na Obali, je ob tej prilo\u017enosti povedal: \u00bbProjekt Mal\u010dkov tek na Obali bomo prvi\u010d izvedli v <strong>soboto, 3. septembra, ob 10.00 uri, \u00a0v Se\u010dovljah<\/strong>, na vadbenem poligonu pod gasilskim domom. S projektom \u017eelimo otroke navdu\u0161iti nad tekom ter tako spodbujati zdrav in aktiven \u017eivljenjski slog. V okviru rekreativnega teka\u0161kega dogodka bomo za otroke organizirali tudi razli\u010dne programe v obliki \u0161portnih iger, ustvarjalnih in tematskih delavnic. Vse s ciljem, da otroci v soboto dopoldne u\u017eivajo in aktivno pre\u017eivijo prosti \u010das skupaj s svojimi star\u0161i.\u00ab<\/p>\n<p>Na teku bodo lahko tekli otroci od <strong>3. do 10. leta starosti, <\/strong>na razdalji 300 in 600 metrov. Udele\u017eba je na teku <strong>brezpla\u010dna<\/strong>, vsi mladi teka\u010di pa bodo na teku prejeli pozornosti na\u0161i sponzorjev. Na tek so obvezne spletne prijave, ki pa se bodo kon\u010dale v \u010detrtek, 1. septembra. Izjemoma bodo prijave na tek mo\u017ene tudi na dan teka in sicer ob 9.00 uri.<\/p>\n<p>Mal\u010dkov tek na Obali organizira ekipa, ki ima ve\u010dletne izku\u0161nje z delom z otroki in organizacijo \u0161portno-rekreativnih dogodkov. Na Koro\u0161kem in Primorskem izvajajo razli\u010dne \u0161portno-rekreativne programe pod imenom Mal\u010dkov \u0161port. Vsako \u0161olsko leto pri njih telovadi preko 250 otrok, organizirajo pa tudi razli\u010dne te\u010daje in otro\u0161ke animacije. Prav tako na Koro\u0161kem \u017ee 10 let organizirajo najve\u010djo \u0161portno-rekreativno otro\u0161ko prireditev Mal\u010dkov tek in Mega mal\u010dkova zabava. Celodnevnega dogodka se je v leto\u0161njem letu udele\u017eilo preko 6000 obiskovalcev.<\/p>\n<p><a href=\"http:\/\/slo5.net\/wordpress\/wp-content\/uploads\/2016\/08\/malcoktek.jpg\"><img loading=\"lazy\" decoding=\"async\" class=\"alignnone size-full wp-image-3910\" src=\"http:\/\/slo5.net\/wordpress\/wp-content\/uploads\/2016\/08\/malcoktek.jpg\" alt=\"malcoktek\" width=\"719\" height=\"381\" srcset=\"https:\/\/areafilm.si\/wordpress\/wp-content\/uploads\/2016\/08\/malcoktek.jpg 719w, https:\/\/areafilm.si\/wordpress\/wp-content\/uploads\/2016\/08\/malcoktek-600x318.jpg 600w\" sizes=\"auto, (max-width: 719px) 100vw, 719px\" \/><\/a><\/p>\n<p><u>O Mal\u010dkovem \u0161portu:<\/u><\/p>\n<p><strong>Mal\u010dkov \u0161port<\/strong>\u00a0predstavlja otro\u0161ke programe, katerih glavni cilji so usmerjeni v vsestranski razvoj otrok, igro, u\u010denje, zabavo in animacijo.\u00a0Poslanstvo njihovih programov je usmerjeno v spodbujanje gibanja in aktivnega pre\u017eivljanja prostega \u010dasa najmlaj\u0161ih, kot tudi vzgoja otrok v duhu vrednot, povezanimi z aktivnim \u017eivljenjskim slogom<\/p>\n","protected":false},"excerpt":{"rendered":"<p>V soboto, 3. septembra bo v Se\u010dovljah potekal 1. Mal\u010dkov tek na Obali, katerega namen&#8230;<\/p>\n","protected":false},"author":4,"featured_media":3910,"comment_status":"open","ping_status":"closed","sticky":false,"template":"","format":"standard","meta":{"footnotes":""},"categories":[24,8],"tags":[],"class_list":["post-3909","post","type-post","status-publish","format-standard","has-post-thumbnail","hentry","category-obala","category-prirditve"],"featured_image_urls":{"full":["https:\/\/areafilm.si\/wordpress\/wp-content\/uploads\/2016\/08\/malcoktek.jpg",719,381,false],"thumbnail":["https:\/\/areafilm.si\/wordpress\/wp-content\/uploads\/2016\/08\/malcoktek-500x280.jpg",500,280,true],"medium":["https:\/\/areafilm.si\/wordpress\/wp-content\/uploads\/2016\/08\/malcoktek-600x365.jpg",600,365,true],"medium_large":["https:\/\/areafilm.si\/wordpress\/wp-content\/uploads\/2016\/08\/malcoktek.jpg",640,339,false],"large":["https:\/\/areafilm.si\/wordpress\/wp-content\/uploads\/2016\/08\/malcoktek.jpg",640,339,false],"1536x1536":["https:\/\/areafilm.si\/wordpress\/wp-content\/uploads\/2016\/08\/malcoktek.jpg",719,381,false],"2048x2048":["https:\/\/areafilm.si\/wordpress\/wp-content\/uploads\/2016\/08\/malcoktek.jpg",719,381,false],"covernews-featured":["https:\/\/areafilm.si\/wordpress\/wp-content\/uploads\/2016\/08\/malcoktek.jpg",719,381,false],"covernews-medium":["https:\/\/areafilm.si\/wordpress\/wp-content\/uploads\/2016\/08\/malcoktek.jpg",540,286,false],"woocommerce_thumbnail":["https:\/\/areafilm.si\/wordpress\/wp-content\/uploads\/2016\/08\/malcoktek-300x300.jpg",300,300,true],"woocommerce_single":["https:\/\/areafilm.si\/wordpress\/wp-content\/uploads\/2016\/08\/malcoktek-600x318.jpg",600,318,true],"woocommerce_gallery_thumbnail":["https:\/\/areafilm.si\/wordpress\/wp-content\/uploads\/2016\/08\/malcoktek-100x100.jpg",100,100,true]},"author_info":{"info":["Uredni\u0161tvo Primorski Utrip"]},"category_info":"<a href=\"https:\/\/areafilm.si\/wordpress\/category\/obala\/\" rel=\"category tag\">Obala<\/a> <a href=\"https:\/\/areafilm.si\/wordpress\/category\/prirditve\/\" rel=\"category tag\">Prireditve<\/a>","tag_info":"Prireditve","comment_count":"0","_links":{"self":[{"href":"https:\/\/areafilm.si\/wordpress\/wp-json\/wp\/v2\/posts\/3909","targetHints":{"allow":["GET"]}}],"collection":[{"href":"https:\/\/areafilm.si\/wordpress\/wp-json\/wp\/v2\/posts"}],"about":[{"href":"https:\/\/areafilm.si\/wordpress\/wp-json\/wp\/v2\/types\/post"}],"author":[{"embeddable":true,"href":"https:\/\/areafilm.si\/wordpress\/wp-json\/wp\/v2\/users\/4"}],"replies":[{"embeddable":true,"href":"https:\/\/areafilm.si\/wordpress\/wp-json\/wp\/v2\/comments?post=3909"}],"version-history":[{"count":3,"href":"https:\/\/areafilm.si\/wordpress\/wp-json\/wp\/v2\/posts\/3909\/revisions"}],"predecessor-version":[{"id":3912,"href":"https:\/\/areafilm.si\/wordpress\/wp-json\/wp\/v2\/posts\/3909\/revisions\/3912"}],"wp:featuredmedia":[{"embeddable":true,"href":"https:\/\/areafilm.si\/wordpress\/wp-json\/wp\/v2\/media\/3910"}],"wp:attachment":[{"href":"https:\/\/areafilm.si\/wordpress\/wp-json\/wp\/v2\/media?parent=3909"}],"wp:term":[{"taxonomy":"category","embeddable":true,"href":"https:\/\/areafilm.si\/wordpress\/wp-json\/wp\/v2\/categories?post=3909"},{"taxonomy":"post_tag","embeddable":true,"href":"https:\/\/areafilm.si\/wordpress\/wp-json\/wp\/v2\/tags?post=3909"}],"curies":[{"name":"wp","href":"https:\/\/api.w.org\/{rel}","templated":true}]}}