{"id":3953,"date":"2016-09-03T12:22:45","date_gmt":"2016-09-03T10:22:45","guid":{"rendered":"http:\/\/slo5.net\/wordpress\/?p=3953"},"modified":"2016-09-03T12:22:45","modified_gmt":"2016-09-03T10:22:45","slug":"na-italijasnki-osnovni-soli-vincenzo-e-diego-de-castro-stevilcni-prvi-razred","status":"publish","type":"post","link":"https:\/\/areafilm.si\/wordpress\/na-italijasnki-osnovni-soli-vincenzo-e-diego-de-castro-stevilcni-prvi-razred\/","title":{"rendered":"Na italijasnki osnovni \u0161oli Vincenzo e Diego de Castro \u0161tevil\u010dni prvi razred"},"content":{"rendered":"<p>Bo \u017ee dr\u017ealo, da je letos posebno \u0161olsko leto, saj je v \u0161olo vstopilo veliko \u0161tevilo otrok. Tega smo veseli tudi na <strong>italijanski osnovni \u0161oli Vincenzo e Diego de Castro.<\/strong> Po mnogih letih imamo letos na podru\u017eni\u010dni \u0161oli v<strong> Luciji kar 17 prvo\u0161ol\u010dkov, na se\u010doveljski pa 3 prvo\u0161ol\u010dke<\/strong>. U\u010denci in u\u010ditelji smo jim pripravili dobrodo\u0161lico, saj si \u017eelimo, da bi prvi \u0161olski dan ostal v prijetnem spominu. Zapeli smo, zaplesali ter deklamirali pesmi v slovenskem in italijanskem jeziku. Naj bo to \u0161olsko leto polno prijetnih do\u017eivetij in pridobljenega znanja. Z verzom pesmi Zvezdane Majhen za\u017eelimo le: <em>\u00bb\u2026.sre\u010dno, dragi \u0161olarji!\u00ab<\/p>\n<p><a href=\"http:\/\/slo5.net\/wordpress\/wp-content\/uploads\/2016\/09\/ita01.jpg\"><img loading=\"lazy\" decoding=\"async\" class=\"alignnone size-large wp-image-3954\" src=\"http:\/\/slo5.net\/wordpress\/wp-content\/uploads\/2016\/09\/ita01-1024x682.jpg\" alt=\"ita01\" width=\"640\" height=\"426\" \/><\/a><\/p>\n<p><a href=\"http:\/\/slo5.net\/wordpress\/wp-content\/uploads\/2016\/09\/ita02.jpg\"><img loading=\"lazy\" decoding=\"async\" class=\"alignnone size-large wp-image-3955\" src=\"http:\/\/slo5.net\/wordpress\/wp-content\/uploads\/2016\/09\/ita02-1024x682.jpg\" alt=\"ita02\" width=\"640\" height=\"426\" \/><\/a><br \/>\n<\/em><\/p>\n<p>KP<\/p>\n","protected":false},"excerpt":{"rendered":"<p>Bo \u017ee dr\u017ealo, da je letos posebno \u0161olsko leto, saj je v \u0161olo vstopilo veliko&#8230;<\/p>\n","protected":false},"author":4,"featured_media":3955,"comment_status":"open","ping_status":"closed","sticky":false,"template":"","format":"standard","meta":{"footnotes":""},"categories":[24],"tags":[],"class_list":["post-3953","post","type-post","status-publish","format-standard","has-post-thumbnail","hentry","category-obala"],"featured_image_urls":{"full":["https:\/\/areafilm.si\/wordpress\/wp-content\/uploads\/2016\/09\/ita02.jpg",1643,1095,false],"thumbnail":["https:\/\/areafilm.si\/wordpress\/wp-content\/uploads\/2016\/09\/ita02-500x280.jpg",500,280,true],"medium":["https:\/\/areafilm.si\/wordpress\/wp-content\/uploads\/2016\/09\/ita02-600x365.jpg",600,365,true],"medium_large":["https:\/\/areafilm.si\/wordpress\/wp-content\/uploads\/2016\/09\/ita02-768x512.jpg",640,427,true],"large":["https:\/\/areafilm.si\/wordpress\/wp-content\/uploads\/2016\/09\/ita02-840x480.jpg",640,366,true],"1536x1536":["https:\/\/areafilm.si\/wordpress\/wp-content\/uploads\/2016\/09\/ita02.jpg",1536,1024,false],"2048x2048":["https:\/\/areafilm.si\/wordpress\/wp-content\/uploads\/2016\/09\/ita02.jpg",1643,1095,false],"covernews-featured":["https:\/\/areafilm.si\/wordpress\/wp-content\/uploads\/2016\/09\/ita02.jpg",1024,682,false],"covernews-medium":["https:\/\/areafilm.si\/wordpress\/wp-content\/uploads\/2016\/09\/ita02.jpg",510,340,false],"woocommerce_thumbnail":["https:\/\/areafilm.si\/wordpress\/wp-content\/uploads\/2016\/09\/ita02-300x300.jpg",300,300,true],"woocommerce_single":["https:\/\/areafilm.si\/wordpress\/wp-content\/uploads\/2016\/09\/ita02-600x400.jpg",600,400,true],"woocommerce_gallery_thumbnail":["https:\/\/areafilm.si\/wordpress\/wp-content\/uploads\/2016\/09\/ita02-100x100.jpg",100,100,true]},"author_info":{"info":["Uredni\u0161tvo Primorski Utrip"]},"category_info":"<a href=\"https:\/\/areafilm.si\/wordpress\/category\/obala\/\" rel=\"category tag\">Obala<\/a>","tag_info":"Obala","comment_count":"0","_links":{"self":[{"href":"https:\/\/areafilm.si\/wordpress\/wp-json\/wp\/v2\/posts\/3953","targetHints":{"allow":["GET"]}}],"collection":[{"href":"https:\/\/areafilm.si\/wordpress\/wp-json\/wp\/v2\/posts"}],"about":[{"href":"https:\/\/areafilm.si\/wordpress\/wp-json\/wp\/v2\/types\/post"}],"author":[{"embeddable":true,"href":"https:\/\/areafilm.si\/wordpress\/wp-json\/wp\/v2\/users\/4"}],"replies":[{"embeddable":true,"href":"https:\/\/areafilm.si\/wordpress\/wp-json\/wp\/v2\/comments?post=3953"}],"version-history":[{"count":2,"href":"https:\/\/areafilm.si\/wordpress\/wp-json\/wp\/v2\/posts\/3953\/revisions"}],"predecessor-version":[{"id":3957,"href":"https:\/\/areafilm.si\/wordpress\/wp-json\/wp\/v2\/posts\/3953\/revisions\/3957"}],"wp:featuredmedia":[{"embeddable":true,"href":"https:\/\/areafilm.si\/wordpress\/wp-json\/wp\/v2\/media\/3955"}],"wp:attachment":[{"href":"https:\/\/areafilm.si\/wordpress\/wp-json\/wp\/v2\/media?parent=3953"}],"wp:term":[{"taxonomy":"category","embeddable":true,"href":"https:\/\/areafilm.si\/wordpress\/wp-json\/wp\/v2\/categories?post=3953"},{"taxonomy":"post_tag","embeddable":true,"href":"https:\/\/areafilm.si\/wordpress\/wp-json\/wp\/v2\/tags?post=3953"}],"curies":[{"name":"wp","href":"https:\/\/api.w.org\/{rel}","templated":true}]}}