{"id":4121,"date":"2016-09-22T08:47:33","date_gmt":"2016-09-22T06:47:33","guid":{"rendered":"http:\/\/slo5.net\/wordpress\/?p=4121"},"modified":"2016-09-22T08:47:33","modified_gmt":"2016-09-22T06:47:33","slug":"policista-resila-cloveka-iz-avtomobila-v-morju","status":"publish","type":"post","link":"https:\/\/areafilm.si\/wordpress\/policista-resila-cloveka-iz-avtomobila-v-morju\/","title":{"rendered":"Policista re\u0161ila \u010dloveka iz avtomobila v morju"},"content":{"rendered":"<p lang=\"it-IT\" align=\"justify\"><span style=\"font-size: small\"><span style=\"color: #000000\"><span lang=\"sl-SI\">KRONIKA &#8211; V \u010detrtek ob 6.17 so na policiji dobili obvestilo o\u010dividca, da je v Portoro\u017eu, blizu skladi\u0161\u010da soli, v morju osebni avto, v katerem je \u010dlovek. Policista policijske postaje Piran, ki sta prva pri\u0161la na kraj, sta takoj sko\u010dila v morje in mo\u0161kega izvlekla iz avtomobila. V nadaljevanju mu je bila nudena prva pomo\u010d, odpeljali so ga v izolsko bolni\u0161nico na nadaljnje zdravljenje.<\/span><\/span><\/span><\/p>\n<p lang=\"it-IT\" align=\"justify\"><span style=\"font-size: small\"><span style=\"color: #000000\"><span lang=\"sl-SI\">V torek<\/span><\/span><span style=\"color: #000000\"><span lang=\"sl-SI\"> ob 14.38 uri so policisti v okolici Postojne ustavili 41-letnega voznika osebnega avtomobila, ker med vo\u017enjo ni uporabljal varnostnega pasu, varnostnega pasu ni uporabljala niti njegova 24-letna potnica. V postopku je bilo v nadaljevanju ugotovljeno, da je vozilo vozil brez vozni\u0161kega dovoljenja, v vozilo pa je vozil h\u010derke stare tri, pet in \u0161est let, ki prav tako niso bile zavarovane s primernim zadr\u017eevalnim sistemom. Vozilo, ki ga je vozil, je bilo neregistrirano, na njem pa sta bili name\u0161\u010deni razli\u010dni registrski tablici, izdani drugima voziloma. Med postopkom je voznik kazal znake alkoholiziranosti, zato je bil preizku\u0161en z alkotestom, katerega rezultat je pokazal kar 0.64 grama alkohola na liter izdihanega zraka. Zaradi zalotitve voznika pri storitvi huj\u0161ih prekr\u0161kov, so mu policisti vozilo zasegli, na sodi\u0161\u010de pa podali obdol\u017eilni predlog.<\/span><\/span><\/span><\/p>\n<p class=\"western\" lang=\"en-US\" align=\"justify\"><span style=\"font-size: small\"><span lang=\"sl-SI\">Iz gara\u017ee novogradnje v Ko\u010dah pri Postojni je nekdo ukradel ve\u010d kosov ro\u010dnega orodja, me\u0161alec za beton, kosilnico na nitko. O\u0161kodovano je podjetje, ki dela na objektu, in sicer za 1000 evrov. <\/span><\/span><\/p>\n<p class=\"western\" lang=\"en-US\" align=\"justify\"><span style=\"font-size: small\"><span lang=\"sl-SI\">V Portoro\u017eu je nekdo vlomil v trgovino, jo pregledal in pobral blagajni\u0161ki minimum, zatem pa \u0161e dva mopeda, <\/span><span lang=\"sl-SI\">oba<\/span><span lang=\"sl-SI\"> Piaggio Zip 50, bele barve, reg. \u0161t. KP C1-917 in reg. \u0161t. KP DM-76 \u0161t. Lastnik je o\u0161kodovan za 2.597 evrov.<\/span><\/span><\/p>\n<p class=\"western\" lang=\"en-US\" align=\"justify\"><span style=\"font-size: small\"><span lang=\"sl-SI\">V sredo o<\/span><span lang=\"sl-SI\">b 15.45 so policisti na mejnem prehodu So\u010derga dr\u017eavljanu Poljske zasegli elektro\u0161oker, prirejen v ro\u010dni svetilki \u010drne barve, dol\u017eine 19,5 cm. Predmet so mu zasegli in izvedli hitri postopek z odlo\u010dbo. Kazen 250 evrov in 100 evrov stro\u0161kov je kr\u0161itelj pla\u010dal na kraju.<\/span><\/span><\/p>\n<p class=\"western\" align=\"justify\"><span style=\"font-size: small\">V Luciji je nekdo iz kleti ukradel kolo Wiler, rde\u010de-\u010drno barve, vredno 1700 evrov.<\/span><\/p>\n<p class=\"western\" lang=\"en-US\" align=\"justify\"><span style=\"font-size: small\"><span lang=\"sl-SI\">V sredo z<\/span><span lang=\"sl-SI\">ve\u010der so bili <\/span><span lang=\"sl-SI\">policisti <\/span><span lang=\"sl-SI\">obve\u0161\u010deni, da je v Hrpeljah nekdo z neograjenega dvori\u0161\u010da z originalnimi klju\u010di, ki so bili v kontaktu, odpeljal osebni avto VW Polo, modre barve, reg. \u0161tev. PO A4-901. V vozilu je prometno dovoljenje in vozni\u0161ko dovoljenje o\u0161kodovanca. Lastnik je o\u0161kodovan za 2500 evrov.<\/span><\/span><\/p>\n<p class=\"western\" align=\"justify\"><span style=\"font-size: small\">V Izoli so iz kleti stanovanjskega bloka ukradli \u017eensko kolo znamke Scot, rde\u010de-\u010drne barve. \u0160kode je za 4000 evrov.<\/span><\/p>\n<p class=\"western\" align=\"justify\"><em>[slika je simboli\u010dna]<\/em><\/p>\n","protected":false},"excerpt":{"rendered":"<p>KRONIKA &#8211; V \u010detrtek ob 6.17 so na policiji dobili obvestilo o\u010dividca, da je v&#8230;<\/p>\n","protected":false},"author":4,"featured_media":4122,"comment_status":"open","ping_status":"closed","sticky":false,"template":"","format":"standard","meta":{"footnotes":""},"categories":[7],"tags":[],"class_list":["post-4121","post","type-post","status-publish","format-standard","has-post-thumbnail","hentry","category-kronika"],"featured_image_urls":{"full":["https:\/\/areafilm.si\/wordpress\/wp-content\/uploads\/2016\/09\/morje.jpg",516,344,false],"thumbnail":["https:\/\/areafilm.si\/wordpress\/wp-content\/uploads\/2016\/09\/morje-500x280.jpg",500,280,true],"medium":["https:\/\/areafilm.si\/wordpress\/wp-content\/uploads\/2016\/09\/morje.jpg",516,344,false],"medium_large":["https:\/\/areafilm.si\/wordpress\/wp-content\/uploads\/2016\/09\/morje.jpg",516,344,false],"large":["https:\/\/areafilm.si\/wordpress\/wp-content\/uploads\/2016\/09\/morje.jpg",516,344,false],"1536x1536":["https:\/\/areafilm.si\/wordpress\/wp-content\/uploads\/2016\/09\/morje.jpg",516,344,false],"2048x2048":["https:\/\/areafilm.si\/wordpress\/wp-content\/uploads\/2016\/09\/morje.jpg",516,344,false],"covernews-featured":["https:\/\/areafilm.si\/wordpress\/wp-content\/uploads\/2016\/09\/morje.jpg",516,344,false],"covernews-medium":["https:\/\/areafilm.si\/wordpress\/wp-content\/uploads\/2016\/09\/morje.jpg",510,340,false],"woocommerce_thumbnail":["https:\/\/areafilm.si\/wordpress\/wp-content\/uploads\/2016\/09\/morje-300x300.jpg",300,300,true],"woocommerce_single":["https:\/\/areafilm.si\/wordpress\/wp-content\/uploads\/2016\/09\/morje.jpg",516,344,false],"woocommerce_gallery_thumbnail":["https:\/\/areafilm.si\/wordpress\/wp-content\/uploads\/2016\/09\/morje-100x100.jpg",100,100,true]},"author_info":{"info":["Uredni\u0161tvo Primorski Utrip"]},"category_info":"<a href=\"https:\/\/areafilm.si\/wordpress\/category\/kronika\/\" rel=\"category tag\">Kronika<\/a>","tag_info":"Kronika","comment_count":"0","_links":{"self":[{"href":"https:\/\/areafilm.si\/wordpress\/wp-json\/wp\/v2\/posts\/4121","targetHints":{"allow":["GET"]}}],"collection":[{"href":"https:\/\/areafilm.si\/wordpress\/wp-json\/wp\/v2\/posts"}],"about":[{"href":"https:\/\/areafilm.si\/wordpress\/wp-json\/wp\/v2\/types\/post"}],"author":[{"embeddable":true,"href":"https:\/\/areafilm.si\/wordpress\/wp-json\/wp\/v2\/users\/4"}],"replies":[{"embeddable":true,"href":"https:\/\/areafilm.si\/wordpress\/wp-json\/wp\/v2\/comments?post=4121"}],"version-history":[{"count":2,"href":"https:\/\/areafilm.si\/wordpress\/wp-json\/wp\/v2\/posts\/4121\/revisions"}],"predecessor-version":[{"id":4124,"href":"https:\/\/areafilm.si\/wordpress\/wp-json\/wp\/v2\/posts\/4121\/revisions\/4124"}],"wp:featuredmedia":[{"embeddable":true,"href":"https:\/\/areafilm.si\/wordpress\/wp-json\/wp\/v2\/media\/4122"}],"wp:attachment":[{"href":"https:\/\/areafilm.si\/wordpress\/wp-json\/wp\/v2\/media?parent=4121"}],"wp:term":[{"taxonomy":"category","embeddable":true,"href":"https:\/\/areafilm.si\/wordpress\/wp-json\/wp\/v2\/categories?post=4121"},{"taxonomy":"post_tag","embeddable":true,"href":"https:\/\/areafilm.si\/wordpress\/wp-json\/wp\/v2\/tags?post=4121"}],"curies":[{"name":"wp","href":"https:\/\/api.w.org\/{rel}","templated":true}]}}