{"id":4128,"date":"2016-09-26T14:08:43","date_gmt":"2016-09-26T12:08:43","guid":{"rendered":"http:\/\/slo5.net\/wordpress\/?p=4128"},"modified":"2016-09-26T14:08:43","modified_gmt":"2016-09-26T12:08:43","slug":"samoudelezenec-umrl-v-prometni-nesreci","status":"publish","type":"post","link":"https:\/\/areafilm.si\/wordpress\/samoudelezenec-umrl-v-prometni-nesreci\/","title":{"rendered":"Samoudele\u017eenec umrl v prometni nesre\u010di"},"content":{"rendered":"<p class=\"western\" align=\"justify\"><span style=\"font-size: small\">KRONIKA &#8211; V soboto ob 21.24 so bili policisti obve\u0161\u010deni o hudi prometni nesre\u010di med Vrbovim in Vrbico, na cesti Ilirska Bistrica \u2013 Zabi\u010de. V nesre\u010di je bil sam udele\u017een 27-letni doma\u010din, ki je ostal ukle\u0161\u010den v vozilu. Iz vozila so ga re\u0161ili gasilci, odpeljan je bil v bolni\u0161nico Izola, kjer je pono\u010di umrl. <\/span><\/p>\n<p class=\"western\" align=\"justify\"><span style=\"font-size: small\">V soboto 4. uri zjutraj se je zgodila prometna nesre\u010da med Dekani in Ri\u017eano. 25-letni voznik osebnega avtomobila je zapeljal preko polne \u010drte v levo ter z vozilom tr\u010dil v vodni propust. Po trku je vozilo odbilo nazaj na cesto, kjer je obstalo na kolesih, obrnjeno v nasprotno smer vo\u017enje. Vozniku, ki se je v nesre\u010di po\u0161kodoval in so ga odpeljali v izolsko bolni\u0161nico, je izdan pla\u010dilni nalog za nepravilno stran vo\u017enje in neuporabo varnostnega pasu.<\/span><\/p>\n<p class=\"western\" lang=\"en-US\" align=\"justify\"><span style=\"font-size: small\"><span lang=\"sl-SI\">V petek p<\/span><span lang=\"sl-SI\">opold<\/span><span lang=\"sl-SI\">ne<\/span><span lang=\"sl-SI\"> so policisti v Kopru ustavili 26-letnega voznika skuterja, ki ne poseduje vozni\u0161kega dovoljenja. Vozilo somu zasegli. Izdali so mu pla\u010dilni nalog, ker je vozil vozilo, ki ni tehni\u010dno brezhibno, neregistrirano, nezavarovano in ker ni imel \u010delade (1.520 evrov). Sledi mu \u0161e obdol\u017eilni predlog za vo\u017enjo brez vozni\u0161kega dovoljenja. <\/span><\/span><\/p>\n<p class=\"western\" align=\"justify\"><span style=\"font-size: small\">Ob 22.06 so policisti na Istrski cesti v Kopru ustavili 28-letnega Ankaran\u010dana, ki ima ukrep prepoved vo\u017enje. Vozilo so mu zasegli. Z njim v vozilu je bil \u0161e 30-letni Ankaran\u010dan, pri katerem so na\u0161li vre\u010dko z 98.04 g konoplje. Obema so odredili pridr\u017eanje. Policisti bodo za oba podali kazensko ovadbo.<\/span><\/p>\n<p class=\"western\" lang=\"en-US\" align=\"justify\"><span style=\"font-size: small\"><span lang=\"sl-SI\">V no\u010di na soboto o<\/span><span lang=\"sl-SI\">b 1.57 so bili <\/span><span lang=\"sl-SI\">policisti <\/span><span lang=\"sl-SI\">obve\u0161\u010deni, da je nekdo vlomil v objekt v Ilirski Bistrici. Na kraju je varnostnik prijel 32-letnega doma\u010dina in ga zatem predal policistom, ki so pri\u0161li na kraj. Vlomilec je odnesel \u0161katlo z dobrimi 100 evri gotovine. Odrejeno mu je bilo pridr\u017eanje, sledi mu kazenska ovadba. <\/span><\/span><\/p>\n<p class=\"western\" lang=\"en-US\" align=\"justify\"><span style=\"font-size: small\"><span lang=\"sl-SI\">Na cesti med Sp<\/span><span lang=\"sl-SI\">odnjo<\/span><span lang=\"sl-SI\"> Branico in \u010cipnjami je nekdo vlomil v parkiran osebni avto. Ukradli so torbo za dojen\u010dka in mo\u0161ko torbico z denarnico. Lastnik je o\u0161kodovan za 600 evrov.<\/span><\/span><\/p>\n<p class=\"western\" lang=\"en-US\" align=\"justify\"><span style=\"font-size: small\"><span lang=\"sl-SI\">Na cesti Kozjane &#8211; Suhorje je nekdo vlomil v osebni avto in lastnici odnesel denarnici z gotovino in dokumenti, ki sta bili v predalu na sovoznikovi strani. \u0160kode je za 1000 evrov.<\/span><\/span><\/p>\n<p class=\"western\" lang=\"en-US\" align=\"justify\"><span style=\"font-size: small\"><span lang=\"sl-SI\">V Kopru je nekdo iz odklenjenega vozila, parkiranega v gara\u017eni hi\u0161i, ukradel mobilni telefon Samsung Galaxy S6 bele barve, klju\u010d gara\u017ene hi\u0161e, potni list, prometno dovoljenje, servisno knji\u017eico, klju\u010d stanovanja in vozni\u0161ko dovoljenje. Lastniki so o\u0161kodovani za 600 evrov. <\/span><\/span><\/p>\n<p class=\"western\" lang=\"en-US\" align=\"justify\"><span style=\"font-size: small\"><span lang=\"sl-SI\">V \u0160torjah pri Se\u017eani je nekdo vlomil v kombi, parkiran na makadamu, in iz njega ukradel nahrbtnik z dokumenti, gotovino, razli\u010dne ban\u010dne kartice in druge dokumente ter druge predmete. Ve\u010d lastnikov je skupaj o\u0161kodovanih za pribli\u017eno 2000 evrov. <\/span><\/span><\/p>\n<p class=\"western\" align=\"justify\"><span style=\"font-size: small\">V nedeljo ob 18.33 je pri Materiji 31-letnik iz Ilirske Bistrice z motornim kolesom zaradi neprimerne hitrosti zapeljal ven iz ovinka in se ustavil v grmovju ob cesti. Z re\u0161evalnim vozilom je bil odpeljan v bolni\u0161nico Izola. Sledi mu pla\u010dilni nalog za hitrost. <\/span><\/p>\n<p class=\"western\" lang=\"en-US\" align=\"justify\"><span style=\"font-size: small\"><span lang=\"sl-SI\">Ob 18.33 je voznik z osebnim avtomobilom v Krkav\u010dah tr\u010dil v parkirano vozilo na dvori\u0161\u010du, zatem pa se je hotel odpeljali. Povzro\u010ditelju je alkotest pokazal 0,55 mg\/l, vozniku je bilo za\u010dasno odvzeto vozni\u0161ko dovoljenje, sledi mu pla\u010dilni nalog.<\/span><\/span><\/p>\n<p class=\"western\" align=\"justify\"><span style=\"font-size: small\">V Diva\u010di je nekdo vlomil v osebni avto. Odnesel ni ni\u010d, lastniku pa je vseeno povzro\u010dil za 600 evrov \u0161kode.<\/span><\/p>\n<p class=\"western\" align=\"justify\"><em>[slika je simboli\u010dna]<\/em><\/p>\n","protected":false},"excerpt":{"rendered":"<p>KRONIKA &#8211; V soboto ob 21.24 so bili policisti obve\u0161\u010deni o hudi prometni nesre\u010di med&#8230;<\/p>\n","protected":false},"author":4,"featured_media":877,"comment_status":"open","ping_status":"closed","sticky":false,"template":"","format":"standard","meta":{"footnotes":""},"categories":[7],"tags":[],"class_list":["post-4128","post","type-post","status-publish","format-standard","has-post-thumbnail","hentry","category-kronika"],"featured_image_urls":{"full":["https:\/\/areafilm.si\/wordpress\/wp-content\/uploads\/2014\/07\/policija2.jpg",520,245,false],"thumbnail":["https:\/\/areafilm.si\/wordpress\/wp-content\/uploads\/2014\/07\/policija2-500x245.jpg",500,245,true],"medium":["https:\/\/areafilm.si\/wordpress\/wp-content\/uploads\/2014\/07\/policija2.jpg",520,245,false],"medium_large":["https:\/\/areafilm.si\/wordpress\/wp-content\/uploads\/2014\/07\/policija2.jpg",520,245,false],"large":["https:\/\/areafilm.si\/wordpress\/wp-content\/uploads\/2014\/07\/policija2.jpg",520,245,false],"1536x1536":["https:\/\/areafilm.si\/wordpress\/wp-content\/uploads\/2014\/07\/policija2.jpg",520,245,false],"2048x2048":["https:\/\/areafilm.si\/wordpress\/wp-content\/uploads\/2014\/07\/policija2.jpg",520,245,false],"covernews-featured":["https:\/\/areafilm.si\/wordpress\/wp-content\/uploads\/2014\/07\/policija2.jpg",520,245,false],"covernews-medium":["https:\/\/areafilm.si\/wordpress\/wp-content\/uploads\/2014\/07\/policija2.jpg",520,245,false],"woocommerce_thumbnail":["https:\/\/areafilm.si\/wordpress\/wp-content\/uploads\/2014\/07\/policija2-300x245.jpg",300,245,true],"woocommerce_single":["https:\/\/areafilm.si\/wordpress\/wp-content\/uploads\/2014\/07\/policija2.jpg",520,245,false],"woocommerce_gallery_thumbnail":["https:\/\/areafilm.si\/wordpress\/wp-content\/uploads\/2014\/07\/policija2-100x100.jpg",100,100,true]},"author_info":{"info":["Uredni\u0161tvo Primorski Utrip"]},"category_info":"<a href=\"https:\/\/areafilm.si\/wordpress\/category\/kronika\/\" rel=\"category tag\">Kronika<\/a>","tag_info":"Kronika","comment_count":"0","_links":{"self":[{"href":"https:\/\/areafilm.si\/wordpress\/wp-json\/wp\/v2\/posts\/4128","targetHints":{"allow":["GET"]}}],"collection":[{"href":"https:\/\/areafilm.si\/wordpress\/wp-json\/wp\/v2\/posts"}],"about":[{"href":"https:\/\/areafilm.si\/wordpress\/wp-json\/wp\/v2\/types\/post"}],"author":[{"embeddable":true,"href":"https:\/\/areafilm.si\/wordpress\/wp-json\/wp\/v2\/users\/4"}],"replies":[{"embeddable":true,"href":"https:\/\/areafilm.si\/wordpress\/wp-json\/wp\/v2\/comments?post=4128"}],"version-history":[{"count":2,"href":"https:\/\/areafilm.si\/wordpress\/wp-json\/wp\/v2\/posts\/4128\/revisions"}],"predecessor-version":[{"id":4130,"href":"https:\/\/areafilm.si\/wordpress\/wp-json\/wp\/v2\/posts\/4128\/revisions\/4130"}],"wp:featuredmedia":[{"embeddable":true,"href":"https:\/\/areafilm.si\/wordpress\/wp-json\/wp\/v2\/media\/877"}],"wp:attachment":[{"href":"https:\/\/areafilm.si\/wordpress\/wp-json\/wp\/v2\/media?parent=4128"}],"wp:term":[{"taxonomy":"category","embeddable":true,"href":"https:\/\/areafilm.si\/wordpress\/wp-json\/wp\/v2\/categories?post=4128"},{"taxonomy":"post_tag","embeddable":true,"href":"https:\/\/areafilm.si\/wordpress\/wp-json\/wp\/v2\/tags?post=4128"}],"curies":[{"name":"wp","href":"https:\/\/api.w.org\/{rel}","templated":true}]}}