{"id":4132,"date":"2016-09-27T11:44:58","date_gmt":"2016-09-27T09:44:58","guid":{"rendered":"http:\/\/slo5.net\/wordpress\/?p=4132"},"modified":"2016-09-27T11:45:19","modified_gmt":"2016-09-27T09:45:19","slug":"prevrnjena-jadrnica-zaustavila-promet-na-avtocesti","status":"publish","type":"post","link":"https:\/\/areafilm.si\/wordpress\/prevrnjena-jadrnica-zaustavila-promet-na-avtocesti\/","title":{"rendered":"Prevrnjena jadrnica zaustavila promet na avtocesti"},"content":{"rendered":"<p class=\"western\" lang=\"en-US\" align=\"justify\"><span style=\"font-size: small\"><span lang=\"sl-SI\">KRONIKA &#8211; V ponedeljek o<\/span><span lang=\"sl-SI\">b 15. <\/span><span lang=\"sl-SI\">uri<\/span><span lang=\"sl-SI\"> se je zgodila prometna nesre\u010da na avtocesti med Kozino in Diva\u010do, kjer se je prevrnilo terensko vozilo s pripeto 8-metrsko jadrnico. Promet proti Ljubljani je bil zaprt oziroma preusmerjen na regionalno cesto. Policisti so na kraju ugotovili, da se je z vozilom prevrnil 56-letni dr\u017eavljan \u010ce\u0161ke. V nesre\u010di ni bil nih\u010de po\u0161kodovan, \u010cehu pa so izdali pla\u010dilni nalog zaradi neprilagojene hitrosti. Cesta je bila ponovno odprta ob 18.34.<\/span><\/span><\/p>\n<p class=\"western\" lang=\"en-US\" align=\"justify\"><span style=\"font-size: small\"><span lang=\"sl-SI\">V Portoro\u017eu so policisti ustavili 26-letnega voznika mopeda Piaggio iz Izole. Zaradi suma, da vozilo presega konstrukcijsko dovoljeno hitrost, je bil za moped odrejen izredni tehni\u010dni pregled, kjer je bila izmerjena hitrost vozila 58 km\/h. Vozniku sledi obdol\u017eilni predlog, vozilo so mu zasegli.<\/span><\/span><\/p>\n<p class=\"western\" lang=\"en-US\" align=\"justify\"><span style=\"font-size: small\"><span lang=\"sl-SI\">Popold<\/span><span lang=\"sl-SI\">ne<\/span><span lang=\"sl-SI\"> so policisti ustavili \u0161e dva mladoletnika z mopedi. Za oba so posumili, da imata predelani vozili. Za prvo kolo z motorjem je bila na izrednem tehni\u010dnem pregledu izmerjena hitrost vozila 50 km\/h, za drugo pa 56 km\/h. Obe vozili so zasegli, mladoletnikoma pa sledi obdol\u017eilni predlog. <\/span><\/span><\/p>\n<p class=\"western\" lang=\"en-US\" align=\"justify\"><span style=\"font-size: small\"><span lang=\"sl-SI\">Ob 23.38 so policisti v Komnu ustavili 42-letnega voznika osebnega avtomobila, ki je kazal o\u010ditne znake alkoholiziranosti. Odrejen mu je bil preizkus alkoholiziranosti, katerega je odklonil. Prepovedana mu je bila nadaljnja vo\u017enja in za\u010dasno odvzeto vozni\u0161ko dovoljenje. Voznik si prevoza domov ni zagotovil, prav tako je v postopku ve\u010dkrat izjavil, da bo sam nadaljeval z vo\u017enjo, zato mu je bilo odrejeno pridr\u017eanje po 24\/1 \u010dl. ZPrCP. Sledi mu obdol\u017eilni predlog. <\/span><\/span><\/p>\n<p class=\"western\" lang=\"en-US\" align=\"justify\"><span style=\"font-size: small\"><span lang=\"sl-SI\">Iz priveza na Sv. Katarini je nekdo s \u010dolna ukradel izvenkrmni motor Honda 90. Lastnika je s tem po prvih podatkih o\u0161kodoval za 12.000 evrov.<\/span><span lang=\"sl-SI\"> Policisti so na kraju ugotovili, da je bilo izvr\u0161enih ve\u010d tatvin motorjev s plovil, po trenutnih podatkih \u0161e najmanj s treh. <\/span><\/span><\/p>\n<p class=\"western\" lang=\"en-US\" align=\"justify\"><span style=\"font-size: small\"><span lang=\"sl-SI\">V no\u010di z 20. na 21. september je nekdo v Ob\u010dini Hrpelje \u2013 Kozina izpred stanovanjske hi\u0161e ukradel odklenjeno osebno vozilo<\/span><span style=\"color: #000000\"><span lang=\"sl-SI\"> VW <\/span><\/span><span style=\"color: #000000\"><span lang=\"sl-SI\">P<\/span><\/span><span style=\"color: #000000\"><span lang=\"sl-SI\">olo, modre barve, reg. \u0161tev. PO A4 \u2013 901. <\/span><\/span><span style=\"color: #000000\"><span lang=\"sl-SI\">V ponedeljek <\/span><\/span><span style=\"color: #000000\"><span lang=\"sl-SI\"> so bili <\/span><\/span><span style=\"color: #000000\"><span lang=\"sl-SI\">policisti <\/span><\/span><span style=\"color: #000000\"><span lang=\"sl-SI\">obve\u0161\u010deni, da je bilo vozilo najdeno zapu\u0161\u010deno pri kontroli parkiranih vozil na Dunaju. Po zaklju\u010denih postopkih bo vrnjeno lastniku.<\/span><\/span><\/span><\/p>\n<p class=\"western\" lang=\"en-US\" align=\"justify\"><em>[slika je simboli\u010dna]<\/em><\/p>\n","protected":false},"excerpt":{"rendered":"<p>KRONIKA &#8211; V ponedeljek ob 15. uri se je zgodila prometna nesre\u010da na avtocesti med&#8230;<\/p>\n","protected":false},"author":4,"featured_media":1149,"comment_status":"open","ping_status":"closed","sticky":false,"template":"","format":"standard","meta":{"footnotes":""},"categories":[7],"tags":[],"class_list":["post-4132","post","type-post","status-publish","format-standard","has-post-thumbnail","hentry","category-kronika"],"featured_image_urls":{"full":["https:\/\/areafilm.si\/wordpress\/wp-content\/uploads\/2015\/03\/avtocesta.jpg",400,300,false],"thumbnail":["https:\/\/areafilm.si\/wordpress\/wp-content\/uploads\/2015\/03\/avtocesta-400x280.jpg",400,280,true],"medium":["https:\/\/areafilm.si\/wordpress\/wp-content\/uploads\/2015\/03\/avtocesta.jpg",400,300,false],"medium_large":["https:\/\/areafilm.si\/wordpress\/wp-content\/uploads\/2015\/03\/avtocesta.jpg",400,300,false],"large":["https:\/\/areafilm.si\/wordpress\/wp-content\/uploads\/2015\/03\/avtocesta.jpg",400,300,false],"1536x1536":["https:\/\/areafilm.si\/wordpress\/wp-content\/uploads\/2015\/03\/avtocesta.jpg",400,300,false],"2048x2048":["https:\/\/areafilm.si\/wordpress\/wp-content\/uploads\/2015\/03\/avtocesta.jpg",400,300,false],"covernews-featured":["https:\/\/areafilm.si\/wordpress\/wp-content\/uploads\/2015\/03\/avtocesta.jpg",400,300,false],"covernews-medium":["https:\/\/areafilm.si\/wordpress\/wp-content\/uploads\/2015\/03\/avtocesta.jpg",400,300,false],"woocommerce_thumbnail":["https:\/\/areafilm.si\/wordpress\/wp-content\/uploads\/2015\/03\/avtocesta-300x300.jpg",300,300,true],"woocommerce_single":["https:\/\/areafilm.si\/wordpress\/wp-content\/uploads\/2015\/03\/avtocesta.jpg",400,300,false],"woocommerce_gallery_thumbnail":["https:\/\/areafilm.si\/wordpress\/wp-content\/uploads\/2015\/03\/avtocesta-100x100.jpg",100,100,true]},"author_info":{"info":["Uredni\u0161tvo Primorski Utrip"]},"category_info":"<a href=\"https:\/\/areafilm.si\/wordpress\/category\/kronika\/\" rel=\"category tag\">Kronika<\/a>","tag_info":"Kronika","comment_count":"0","_links":{"self":[{"href":"https:\/\/areafilm.si\/wordpress\/wp-json\/wp\/v2\/posts\/4132","targetHints":{"allow":["GET"]}}],"collection":[{"href":"https:\/\/areafilm.si\/wordpress\/wp-json\/wp\/v2\/posts"}],"about":[{"href":"https:\/\/areafilm.si\/wordpress\/wp-json\/wp\/v2\/types\/post"}],"author":[{"embeddable":true,"href":"https:\/\/areafilm.si\/wordpress\/wp-json\/wp\/v2\/users\/4"}],"replies":[{"embeddable":true,"href":"https:\/\/areafilm.si\/wordpress\/wp-json\/wp\/v2\/comments?post=4132"}],"version-history":[{"count":3,"href":"https:\/\/areafilm.si\/wordpress\/wp-json\/wp\/v2\/posts\/4132\/revisions"}],"predecessor-version":[{"id":4134,"href":"https:\/\/areafilm.si\/wordpress\/wp-json\/wp\/v2\/posts\/4132\/revisions\/4134"}],"wp:featuredmedia":[{"embeddable":true,"href":"https:\/\/areafilm.si\/wordpress\/wp-json\/wp\/v2\/media\/1149"}],"wp:attachment":[{"href":"https:\/\/areafilm.si\/wordpress\/wp-json\/wp\/v2\/media?parent=4132"}],"wp:term":[{"taxonomy":"category","embeddable":true,"href":"https:\/\/areafilm.si\/wordpress\/wp-json\/wp\/v2\/categories?post=4132"},{"taxonomy":"post_tag","embeddable":true,"href":"https:\/\/areafilm.si\/wordpress\/wp-json\/wp\/v2\/tags?post=4132"}],"curies":[{"name":"wp","href":"https:\/\/api.w.org\/{rel}","templated":true}]}}