{"id":4136,"date":"2016-09-28T12:57:36","date_gmt":"2016-09-28T10:57:36","guid":{"rendered":"http:\/\/slo5.net\/wordpress\/?p=4136"},"modified":"2016-09-28T12:57:36","modified_gmt":"2016-09-28T10:57:36","slug":"motorist-padel-in-se-poskodoval","status":"publish","type":"post","link":"https:\/\/areafilm.si\/wordpress\/motorist-padel-in-se-poskodoval\/","title":{"rendered":"Motorist padel in se po\u0161kodoval"},"content":{"rendered":"<p class=\"western\" lang=\"en-US\" align=\"justify\"><span style=\"font-size: small\"><span lang=\"sl-SI\">KRONIKA &#8211; V torek o<\/span><span lang=\"sl-SI\">b 14.30 <\/span><span lang=\"sl-SI\">je pri\u0161lo d<\/span><span lang=\"sl-SI\">o prometn<\/span><span lang=\"sl-SI\">e<\/span><span lang=\"sl-SI\"> nesre\u010d<\/span><span lang=\"sl-SI\">e<\/span><span lang=\"sl-SI\"> na cesti Bukovje \u2013 Predjama. Policisti so na kraju ugotovili, da je nesre\u010do zaradi neprilagojene hitrosti povzro\u010dil 71-letni voznik motornega kolesa, dr\u017eavljan Avstrije, ki je nenadoma zavrl, padel na desni bok, nato pa ga je odneslo na nasprotno smerno vozi\u0161\u010de v osebni avto, ki ga je vozila enako stara dr\u017eavljanka Nizozemske. Motorist se je v nesre\u010di po\u0161kodoval, odpeljali so ga v UKC Ljubljana. Sledi mu pla\u010dilni nalog.<\/span><\/span><\/p>\n<p class=\"western\" align=\"justify\"><span style=\"font-size: small\">Ob 18.10 je 80-letni voznik osebnega avtomobila v Portoro\u017eu na prehodu za pe\u0161ce zbil pe\u0161ko, 85-letno dr\u017eavljanko Avstrije. Odpeljali so jo v bolni\u0161nico, od koder so obvestili, da je la\u017eje po\u0161kodovana. Povzro\u010ditelju, doma z okolice Izole, sledi pla\u010dilni nalog. <\/span><\/p>\n<p class=\"western\" lang=\"en-US\" align=\"justify\"><span style=\"font-size: small\"><span lang=\"sl-SI\">Ob 22.57 so policisti intervenirali v koprskem lokalu, kjer je Ljubljan\u010dan kr\u0161il javni red in mir. Ker se ni umiril <\/span><span lang=\"sl-SI\">niti <\/span><span lang=\"sl-SI\">ob prihodu policistov na kraj, so mu odredili pridr\u017eanje in mu izdali pla\u010dilni nalog. <\/span><\/span><\/p>\n<p class=\"western\" lang=\"en-US\" align=\"justify\"><span style=\"font-size: small\"><span lang=\"sl-SI\">V Dutovljah je nekdo vlomil v stanovanje, ga pregledal, nato pa lastniku odnesel ra\u010dunalnik znamke Siemens, vreden 500 evrov.<\/span><\/span><\/p>\n<p class=\"western\" align=\"justify\"><span style=\"font-size: small\">Pono\u010di je nekdo vlomil v trgovino z obla\u010dili v Portoro\u017eu. Odnesel je nekaj parov \u010devljev, nekaj torbic in jaken.<\/span><\/p>\n<p class=\"western\" align=\"justify\"><em>[slika je simboli\u010dna]<\/em><\/p>\n","protected":false},"excerpt":{"rendered":"<p>KRONIKA &#8211; V torek ob 14.30 je pri\u0161lo do prometne nesre\u010de na cesti Bukovje \u2013&#8230;<\/p>\n","protected":false},"author":4,"featured_media":542,"comment_status":"open","ping_status":"closed","sticky":false,"template":"","format":"standard","meta":{"footnotes":""},"categories":[7],"tags":[],"class_list":["post-4136","post","type-post","status-publish","format-standard","has-post-thumbnail","hentry","category-kronika"],"featured_image_urls":{"full":["https:\/\/areafilm.si\/wordpress\/wp-content\/uploads\/2014\/09\/nesreca_motor0011.jpg",500,375,false],"thumbnail":["https:\/\/areafilm.si\/wordpress\/wp-content\/uploads\/2014\/09\/nesreca_motor0011-500x280.jpg",500,280,true],"medium":["https:\/\/areafilm.si\/wordpress\/wp-content\/uploads\/2014\/09\/nesreca_motor0011-500x365.jpg",500,365,true],"medium_large":["https:\/\/areafilm.si\/wordpress\/wp-content\/uploads\/2014\/09\/nesreca_motor0011.jpg",500,375,false],"large":["https:\/\/areafilm.si\/wordpress\/wp-content\/uploads\/2014\/09\/nesreca_motor0011.jpg",500,375,false],"1536x1536":["https:\/\/areafilm.si\/wordpress\/wp-content\/uploads\/2014\/09\/nesreca_motor0011.jpg",500,375,false],"2048x2048":["https:\/\/areafilm.si\/wordpress\/wp-content\/uploads\/2014\/09\/nesreca_motor0011.jpg",500,375,false],"covernews-featured":["https:\/\/areafilm.si\/wordpress\/wp-content\/uploads\/2014\/09\/nesreca_motor0011.jpg",500,375,false],"covernews-medium":["https:\/\/areafilm.si\/wordpress\/wp-content\/uploads\/2014\/09\/nesreca_motor0011.jpg",453,340,false],"woocommerce_thumbnail":["https:\/\/areafilm.si\/wordpress\/wp-content\/uploads\/2014\/09\/nesreca_motor0011-300x300.jpg",300,300,true],"woocommerce_single":["https:\/\/areafilm.si\/wordpress\/wp-content\/uploads\/2014\/09\/nesreca_motor0011.jpg",500,375,false],"woocommerce_gallery_thumbnail":["https:\/\/areafilm.si\/wordpress\/wp-content\/uploads\/2014\/09\/nesreca_motor0011-100x100.jpg",100,100,true]},"author_info":{"info":["Uredni\u0161tvo Primorski Utrip"]},"category_info":"<a href=\"https:\/\/areafilm.si\/wordpress\/category\/kronika\/\" rel=\"category tag\">Kronika<\/a>","tag_info":"Kronika","comment_count":"0","_links":{"self":[{"href":"https:\/\/areafilm.si\/wordpress\/wp-json\/wp\/v2\/posts\/4136","targetHints":{"allow":["GET"]}}],"collection":[{"href":"https:\/\/areafilm.si\/wordpress\/wp-json\/wp\/v2\/posts"}],"about":[{"href":"https:\/\/areafilm.si\/wordpress\/wp-json\/wp\/v2\/types\/post"}],"author":[{"embeddable":true,"href":"https:\/\/areafilm.si\/wordpress\/wp-json\/wp\/v2\/users\/4"}],"replies":[{"embeddable":true,"href":"https:\/\/areafilm.si\/wordpress\/wp-json\/wp\/v2\/comments?post=4136"}],"version-history":[{"count":2,"href":"https:\/\/areafilm.si\/wordpress\/wp-json\/wp\/v2\/posts\/4136\/revisions"}],"predecessor-version":[{"id":4138,"href":"https:\/\/areafilm.si\/wordpress\/wp-json\/wp\/v2\/posts\/4136\/revisions\/4138"}],"wp:featuredmedia":[{"embeddable":true,"href":"https:\/\/areafilm.si\/wordpress\/wp-json\/wp\/v2\/media\/542"}],"wp:attachment":[{"href":"https:\/\/areafilm.si\/wordpress\/wp-json\/wp\/v2\/media?parent=4136"}],"wp:term":[{"taxonomy":"category","embeddable":true,"href":"https:\/\/areafilm.si\/wordpress\/wp-json\/wp\/v2\/categories?post=4136"},{"taxonomy":"post_tag","embeddable":true,"href":"https:\/\/areafilm.si\/wordpress\/wp-json\/wp\/v2\/tags?post=4136"}],"curies":[{"name":"wp","href":"https:\/\/api.w.org\/{rel}","templated":true}]}}