{"id":4139,"date":"2016-09-29T11:40:12","date_gmt":"2016-09-29T09:40:12","guid":{"rendered":"http:\/\/slo5.net\/wordpress\/?p=4139"},"modified":"2016-09-29T11:40:12","modified_gmt":"2016-09-29T09:40:12","slug":"z-avtom-izsilila-prednost-motoristu","status":"publish","type":"post","link":"https:\/\/areafilm.si\/wordpress\/z-avtom-izsilila-prednost-motoristu\/","title":{"rendered":"Z avtom izsilila prednost motoristu"},"content":{"rendered":"<p class=\"western\" align=\"justify\"><span style=\"font-size: small\">KRONIKA \u2013 V sredo ob 12.34 je 53-letna Kopr\u010danka v Kopru z osebnim avtomobilom zapeljala na Dolinsko cesto in izsilila prednost 43-letnemu vozniku motornega kolesa, ki je pravilno pripeljal iz Olma proti \u0160alari. Ta je tr\u010dil v njeno vozilo in padel. Pri tem se je la\u017eje po\u0161kodoval. Povzro\u010diteljici sledi pla\u010dilni nalog. <\/span><\/p>\n<p class=\"western\" lang=\"en-US\" align=\"justify\"><span style=\"font-size: small\"><span lang=\"sl-SI\">V Piranu na <\/span><span lang=\"sl-SI\">P<\/span><span lang=\"sl-SI\">unti je nekdo doma\u010dinoma ukradel dve torbi, v katerih sta imela dva mobilna aparata znamke Nokia, o\u010dala z dioptrijo, son\u010dna o\u010dala z dioptrijo, kopalke in rute. O\u0161kodovana sta za 700 evrov.<\/span><\/span><\/p>\n<p class=\"western\" align=\"justify\"><span style=\"font-size: small\">Pri \u010crnem Kalu so policisti ustavili 57-letnega voznika osebnega avtomobila, ki ne poseduje vozni\u0161kega dovoljenja. Vozilo so mu zasegli, sledi mu obdol\u017eilni predlog. <\/span><\/p>\n<p class=\"western\" lang=\"en-US\" align=\"justify\"><span style=\"font-size: small\"><span lang=\"sl-SI\">Ob 21.12 so <\/span><span lang=\"sl-SI\">na policiji <\/span><span lang=\"sl-SI\">dobili obvestilo ob\u010dana, da gre skozi Hrastovlje skupina devetih ilegalnih migrantov. Policisti so na kraju dejansko prijeli 10 dr\u017eavljanov Afganistana, ki so v Slovenijo pri\u0161li na nedovoljen na\u010din. <\/span><span lang=\"sl-SI\">Vrnili so jih<\/span><span lang=\"sl-SI\"> na Hrva\u0161ko.<\/span><\/span><\/p>\n<p class=\"western\" lang=\"en-US\" align=\"justify\"><span style=\"font-size: small\"><span lang=\"sl-SI\">Ob 21.24 so <\/span><span lang=\"sl-SI\">policisti<\/span><span lang=\"sl-SI\"> dobili obvestilo, da je v Izoli nekdo s terenskim vozilom tr\u010dil v steber javne razsvetljave. <\/span><span lang=\"sl-SI\">Na<\/span><span lang=\"sl-SI\"> kraju <\/span><span lang=\"sl-SI\">je bilo ugotovljeno<\/span><span lang=\"sl-SI\">, da je 48-letna doma\u010dinka dejansko z osebnim avtomobilom tr\u010dila v drog javne razsvetljave. Preizkus alkoholiziranosti ji je pokazal 0,85 mg\/l alkohola. Sledi ji obdol\u017eilni predlog.<\/span><\/span><\/p>\n<p class=\"western\" lang=\"en-US\" align=\"justify\"><em>[slika je simboli\u010dna]<\/em><\/p>\n","protected":false},"excerpt":{"rendered":"<p>KRONIKA \u2013 V sredo ob 12.34 je 53-letna Kopr\u010danka v Kopru z osebnim avtomobilom zapeljala&#8230;<\/p>\n","protected":false},"author":4,"featured_media":969,"comment_status":"open","ping_status":"closed","sticky":false,"template":"","format":"standard","meta":{"footnotes":""},"categories":[7],"tags":[],"class_list":["post-4139","post","type-post","status-publish","format-standard","has-post-thumbnail","hentry","category-kronika"],"featured_image_urls":{"full":["https:\/\/areafilm.si\/wordpress\/wp-content\/uploads\/2015\/01\/policija_logotip.jpg",444,513,false],"thumbnail":["https:\/\/areafilm.si\/wordpress\/wp-content\/uploads\/2015\/01\/policija_logotip-444x280.jpg",444,280,true],"medium":["https:\/\/areafilm.si\/wordpress\/wp-content\/uploads\/2015\/01\/policija_logotip-444x365.jpg",444,365,true],"medium_large":["https:\/\/areafilm.si\/wordpress\/wp-content\/uploads\/2015\/01\/policija_logotip.jpg",444,513,false],"large":["https:\/\/areafilm.si\/wordpress\/wp-content\/uploads\/2015\/01\/policija_logotip-444x480.jpg",444,480,true],"1536x1536":["https:\/\/areafilm.si\/wordpress\/wp-content\/uploads\/2015\/01\/policija_logotip.jpg",444,513,false],"2048x2048":["https:\/\/areafilm.si\/wordpress\/wp-content\/uploads\/2015\/01\/policija_logotip.jpg",444,513,false],"covernews-featured":["https:\/\/areafilm.si\/wordpress\/wp-content\/uploads\/2015\/01\/policija_logotip.jpg",444,513,false],"covernews-medium":["https:\/\/areafilm.si\/wordpress\/wp-content\/uploads\/2015\/01\/policija_logotip.jpg",294,340,false],"woocommerce_thumbnail":["https:\/\/areafilm.si\/wordpress\/wp-content\/uploads\/2015\/01\/policija_logotip-300x300.jpg",300,300,true],"woocommerce_single":["https:\/\/areafilm.si\/wordpress\/wp-content\/uploads\/2015\/01\/policija_logotip.jpg",444,513,false],"woocommerce_gallery_thumbnail":["https:\/\/areafilm.si\/wordpress\/wp-content\/uploads\/2015\/01\/policija_logotip-100x100.jpg",100,100,true]},"author_info":{"info":["Uredni\u0161tvo Primorski Utrip"]},"category_info":"<a href=\"https:\/\/areafilm.si\/wordpress\/category\/kronika\/\" rel=\"category tag\">Kronika<\/a>","tag_info":"Kronika","comment_count":"0","_links":{"self":[{"href":"https:\/\/areafilm.si\/wordpress\/wp-json\/wp\/v2\/posts\/4139","targetHints":{"allow":["GET"]}}],"collection":[{"href":"https:\/\/areafilm.si\/wordpress\/wp-json\/wp\/v2\/posts"}],"about":[{"href":"https:\/\/areafilm.si\/wordpress\/wp-json\/wp\/v2\/types\/post"}],"author":[{"embeddable":true,"href":"https:\/\/areafilm.si\/wordpress\/wp-json\/wp\/v2\/users\/4"}],"replies":[{"embeddable":true,"href":"https:\/\/areafilm.si\/wordpress\/wp-json\/wp\/v2\/comments?post=4139"}],"version-history":[{"count":2,"href":"https:\/\/areafilm.si\/wordpress\/wp-json\/wp\/v2\/posts\/4139\/revisions"}],"predecessor-version":[{"id":4141,"href":"https:\/\/areafilm.si\/wordpress\/wp-json\/wp\/v2\/posts\/4139\/revisions\/4141"}],"wp:featuredmedia":[{"embeddable":true,"href":"https:\/\/areafilm.si\/wordpress\/wp-json\/wp\/v2\/media\/969"}],"wp:attachment":[{"href":"https:\/\/areafilm.si\/wordpress\/wp-json\/wp\/v2\/media?parent=4139"}],"wp:term":[{"taxonomy":"category","embeddable":true,"href":"https:\/\/areafilm.si\/wordpress\/wp-json\/wp\/v2\/categories?post=4139"},{"taxonomy":"post_tag","embeddable":true,"href":"https:\/\/areafilm.si\/wordpress\/wp-json\/wp\/v2\/tags?post=4139"}],"curies":[{"name":"wp","href":"https:\/\/api.w.org\/{rel}","templated":true}]}}