{"id":4347,"date":"2016-10-13T20:21:36","date_gmt":"2016-10-13T18:21:36","guid":{"rendered":"http:\/\/slo5.net\/wordpress\/?p=4347"},"modified":"2016-10-17T16:11:24","modified_gmt":"2016-10-17T14:11:24","slug":"letosnji-dobitnik-zlatega-grba-obcine-piran-je-rihard-knez","status":"publish","type":"post","link":"https:\/\/areafilm.si\/wordpress\/letosnji-dobitnik-zlatega-grba-obcine-piran-je-rihard-knez\/","title":{"rendered":"Leto\u0161nji dobitnik Zlatega grba Ob\u010dine Piran je RIHARD KNEZ"},"content":{"rendered":"<p>Ob\u010dina Piran svoj praznik obele\u017euje<strong> 15. oktobra<\/strong>, kot spomin na ustanovitev prvega <strong>Mornari\u0161kega odreda Koper<\/strong> leta 1944. Ob tej prilo\u017enosti Ob\u010dina Piran vsako leto podeljuje ob\u010dinsko priznanje Zlati grb Ob\u010dine Piran.\u00a0Zlati grb letos prejme <strong>Rihard Knez<\/strong>, \u010dlovek \u0161irokega srca, poguma in modrosti, delaven in ustvarjalen, ki ga odlikuje ljubezen do so\u010dloveka, slovenskega naroda in rojstnega Strunjana. Svoja ob\u010dutenja preliva na platno in v verze in iz darov narave s svoje doma\u010dije ustvarja kulinari\u010dne specialitete. Je dejaven na dru\u017ebeno-politi\u010dnem in kulturnem podro\u010dju ter svoje znanje in izku\u0161nje prena\u0161a na mlade rodove. Tako si vse \u017eivljenje prizadeva za razvoj in ohranjanje na\u0161e bogate naravne in kulturne dedi\u0161\u010dine, s \u010dimer prispeva k prepoznavnosti Strunjana in piranske ob\u010dine tako doma kot v tujini.<\/p>\n<p><a href=\"http:\/\/slo5.net\/wordpress\/wp-content\/uploads\/2016\/10\/DSC_4048.jpg\"><img loading=\"lazy\" decoding=\"async\" class=\"alignnone size-large wp-image-4384\" src=\"http:\/\/slo5.net\/wordpress\/wp-content\/uploads\/2016\/10\/DSC_4048-680x1024.jpg\" alt=\"dsc_4048\" width=\"640\" height=\"964\" \/><\/a><\/p>\n<p><strong>OBRAZLO\u017dITEV PRIZNANJA ZLATI GRB OB\u010cINE PIRAN:<\/strong><strong>\u00a0<\/strong><\/p>\n<p><strong>Rihard Knez<\/strong> je \u010dlovek \u0161irokega srca in poguma, ki v slabem vidi dobro, ki je v siroma\u0161tvu \u017eivel bogato, ki ga poplava zavisti ni oropala nesebi\u010dnosti, ki je v sovra\u0161tvu zmogel ljubezen.\u00a0Rihard, za prijatelje Rikardo, se je rodil 14. novembra leta 1929 v Strunjanu. Najmlaj\u0161i od \u0161tirih sinov se je \u017eelel iz\u0161olati za kroja\u010da, a je na \u017eeljo svojega o\u010deta Matije prevzel vodenje kmetije v Strunjanu.<\/p>\n<p>Njegovo \u017eivljenje so v rani mladosti zaznamovale takratne dru\u017ebeno-politi\u010dne razmere. V \u010dasu italijanske okupacije je \u0161tiri leta obiskoval italijansko osnovno \u0161olo. Pravi, da je bilo to zanj te\u017eko obdobje fa\u0161izma, ko se je hotelo izbrisati slovenski jezik. Ker je moral peti fa\u0161isti\u010dne pesmi, je to \u0161e poglobilo njegovo narodno zavest.\u00a0Kot zaveden Slovenec svojo pripadnost izra\u017ea tudi z umetnostjo in poezijo. Ri\u0161e naravne strunjanske lepote, njegov slikarski opus je zanimiv in bogat, misli pa posve\u010da doma\u010di zemlji in kraju, domovini, njenim ljudem, tradiciji in vsakodnevnim dogodkom. Leta 2010 je izdal prvo pesni\u0161ko zbirko v istrskem nare\u010dju z naslovom \u017divljenje, ki jo je kasneje dopolnil.<\/p>\n<p>Delavnost, vestnost in marljivost so lastnosti, ki ga odlikujejo tudi pri delu na kmetiji. Njegove kakije, fige, arti\u010doke, marmelade in doma\u010di kruh poznajo \u0161tevilni obiskovalci piranske ob\u010dine.\u00a0Ve\u010d kot 20 let je bil izjemno aktiven \u010dlan v ob\u010dinskih odborih za kmetijstvo, s \u010dimer je soustvarjal kmetijsko politiko v Ob\u010dini Piran. S svojim znanjem in poznavanjem razmer na terenu je prispeval k ohranjanju kmetijskih povr\u0161in in pripomogel k trajnostnemu razvoju pode\u017eelja.\u00a0Je borec za svobodo in resnico, in to je zaznamovalo njegovo \u017eivljenje. Vse to izhaja iz obrazlo\u017eitve priznanj, ki so mu jih podelile \u0161tevilne organizacije.\u00a0Deloval je v razli\u010dnih ob\u010dinskih dru\u0161tvih in organizacijah, tudi Dru\u0161tvu istrskega prijateljstva HISTRIA Piran in Zdru\u017eenju borcev za vrednote NOB Ob\u010dine Piran, ki sta predlagatelja dana\u0161njega priznanja.<\/p>\n<p><a href=\"http:\/\/slo5.net\/wordpress\/wp-content\/uploads\/2016\/10\/DSC_3849_2.jpg\"><img loading=\"lazy\" decoding=\"async\" class=\"alignnone size-large wp-image-4390\" src=\"http:\/\/slo5.net\/wordpress\/wp-content\/uploads\/2016\/10\/DSC_3849_2-1024x680.jpg\" alt=\"dsc_3849_2\" width=\"640\" height=\"425\" \/><\/a><\/p>\n<p><a href=\"http:\/\/slo5.net\/wordpress\/wp-content\/uploads\/2016\/10\/DSC_3960.jpg\"><img loading=\"lazy\" decoding=\"async\" class=\"alignnone size-large wp-image-4383\" src=\"http:\/\/slo5.net\/wordpress\/wp-content\/uploads\/2016\/10\/DSC_3960-1024x680.jpg\" alt=\"dsc_3960\" width=\"640\" height=\"425\" \/><\/a><\/p>\n<p><a href=\"http:\/\/slo5.net\/wordpress\/wp-content\/uploads\/2016\/10\/DSC_3925_2.jpg\"><img loading=\"lazy\" decoding=\"async\" class=\"alignnone size-large wp-image-4388\" src=\"http:\/\/slo5.net\/wordpress\/wp-content\/uploads\/2016\/10\/DSC_3925_2-1024x680.jpg\" alt=\"dsc_3925_2\" width=\"640\" height=\"425\" \/><\/a><\/p>\n","protected":false},"excerpt":{"rendered":"<p>Ob\u010dina Piran svoj praznik obele\u017euje 15. oktobra, kot spomin na ustanovitev prvega Mornari\u0161kega odreda Koper&#8230;<\/p>\n","protected":false},"author":4,"featured_media":4385,"comment_status":"open","ping_status":"closed","sticky":false,"template":"","format":"standard","meta":{"footnotes":""},"categories":[24],"tags":[],"class_list":["post-4347","post","type-post","status-publish","format-standard","has-post-thumbnail","hentry","category-obala"],"featured_image_urls":{"full":["https:\/\/areafilm.si\/wordpress\/wp-content\/uploads\/2016\/10\/DSC_4048_2.jpg",1344,1101,false],"thumbnail":["https:\/\/areafilm.si\/wordpress\/wp-content\/uploads\/2016\/10\/DSC_4048_2-500x280.jpg",500,280,true],"medium":["https:\/\/areafilm.si\/wordpress\/wp-content\/uploads\/2016\/10\/DSC_4048_2-600x365.jpg",600,365,true],"medium_large":["https:\/\/areafilm.si\/wordpress\/wp-content\/uploads\/2016\/10\/DSC_4048_2-768x629.jpg",640,524,true],"large":["https:\/\/areafilm.si\/wordpress\/wp-content\/uploads\/2016\/10\/DSC_4048_2-840x480.jpg",640,366,true],"1536x1536":["https:\/\/areafilm.si\/wordpress\/wp-content\/uploads\/2016\/10\/DSC_4048_2.jpg",1344,1101,false],"2048x2048":["https:\/\/areafilm.si\/wordpress\/wp-content\/uploads\/2016\/10\/DSC_4048_2.jpg",1344,1101,false],"covernews-featured":["https:\/\/areafilm.si\/wordpress\/wp-content\/uploads\/2016\/10\/DSC_4048_2.jpg",1024,839,false],"covernews-medium":["https:\/\/areafilm.si\/wordpress\/wp-content\/uploads\/2016\/10\/DSC_4048_2.jpg",415,340,false],"woocommerce_thumbnail":["https:\/\/areafilm.si\/wordpress\/wp-content\/uploads\/2016\/10\/DSC_4048_2-300x300.jpg",300,300,true],"woocommerce_single":["https:\/\/areafilm.si\/wordpress\/wp-content\/uploads\/2016\/10\/DSC_4048_2-600x492.jpg",600,492,true],"woocommerce_gallery_thumbnail":["https:\/\/areafilm.si\/wordpress\/wp-content\/uploads\/2016\/10\/DSC_4048_2-100x100.jpg",100,100,true]},"author_info":{"info":["Uredni\u0161tvo Primorski Utrip"]},"category_info":"<a href=\"https:\/\/areafilm.si\/wordpress\/category\/obala\/\" rel=\"category tag\">Obala<\/a>","tag_info":"Obala","comment_count":"0","_links":{"self":[{"href":"https:\/\/areafilm.si\/wordpress\/wp-json\/wp\/v2\/posts\/4347","targetHints":{"allow":["GET"]}}],"collection":[{"href":"https:\/\/areafilm.si\/wordpress\/wp-json\/wp\/v2\/posts"}],"about":[{"href":"https:\/\/areafilm.si\/wordpress\/wp-json\/wp\/v2\/types\/post"}],"author":[{"embeddable":true,"href":"https:\/\/areafilm.si\/wordpress\/wp-json\/wp\/v2\/users\/4"}],"replies":[{"embeddable":true,"href":"https:\/\/areafilm.si\/wordpress\/wp-json\/wp\/v2\/comments?post=4347"}],"version-history":[{"count":5,"href":"https:\/\/areafilm.si\/wordpress\/wp-json\/wp\/v2\/posts\/4347\/revisions"}],"predecessor-version":[{"id":4387,"href":"https:\/\/areafilm.si\/wordpress\/wp-json\/wp\/v2\/posts\/4347\/revisions\/4387"}],"wp:featuredmedia":[{"embeddable":true,"href":"https:\/\/areafilm.si\/wordpress\/wp-json\/wp\/v2\/media\/4385"}],"wp:attachment":[{"href":"https:\/\/areafilm.si\/wordpress\/wp-json\/wp\/v2\/media?parent=4347"}],"wp:term":[{"taxonomy":"category","embeddable":true,"href":"https:\/\/areafilm.si\/wordpress\/wp-json\/wp\/v2\/categories?post=4347"},{"taxonomy":"post_tag","embeddable":true,"href":"https:\/\/areafilm.si\/wordpress\/wp-json\/wp\/v2\/tags?post=4347"}],"curies":[{"name":"wp","href":"https:\/\/api.w.org\/{rel}","templated":true}]}}