{"id":4464,"date":"2016-10-23T09:27:07","date_gmt":"2016-10-23T07:27:07","guid":{"rendered":"http:\/\/slo5.net\/wordpress\/?p=4464"},"modified":"2016-10-23T09:27:07","modified_gmt":"2016-10-23T07:27:07","slug":"osnovna-sole-secovlje-je-visok-jubilej-obelezila-s-slavnostno-prireditvijo","status":"publish","type":"post","link":"https:\/\/areafilm.si\/wordpress\/osnovna-sole-secovlje-je-visok-jubilej-obelezila-s-slavnostno-prireditvijo\/","title":{"rendered":"Osnovna \u0161ole Se\u010dovlje je visok jubilej obele\u017eila s slavnostno prireditvijo"},"content":{"rendered":"<p><img loading=\"lazy\" decoding=\"async\" class=\"alignnone size-full wp-image-4467\" src=\"http:\/\/slo5.net\/wordpress\/wp-content\/uploads\/2016\/10\/vabilo-70-obletnica-720x340.jpg\" alt=\"vabilo-70-obletnica-720x340\" width=\"720\" height=\"340\" srcset=\"https:\/\/areafilm.si\/wordpress\/wp-content\/uploads\/2016\/10\/vabilo-70-obletnica-720x340.jpg 720w, https:\/\/areafilm.si\/wordpress\/wp-content\/uploads\/2016\/10\/vabilo-70-obletnica-720x340-600x283.jpg 600w, https:\/\/areafilm.si\/wordpress\/wp-content\/uploads\/2016\/10\/vabilo-70-obletnica-720x340-400x189.jpg 400w\" sizes=\"auto, (max-width: 720px) 100vw, 720px\" \/><\/p>\n<p>Osnovna \u0161ola Se\u010dovlje letos praznuje 70. obletnico ustanovitve. Ob tem visokem jubileju so v\u010deraj pripravili posebno prireditev z naslovom <strong>Moja \u0161ola v\u010deraj, danes, jutri,<\/strong> na kateri so se u\u010denke in u\u010denci sprehodili skozi vseh 70 let.\u00a0Ta izjemno pomemben jubilej je z njimi slavil tudi \u017eupan Ob\u010dine Piran<strong> Peter Bossman<\/strong> in poudaril, da je bila <em>\u00bbustanovitev prve slovenske \u0161ole v Se\u010dovljah nedvomno prelomnica v \u017eivljenju na\u0161e skupnosti. V vseh letih njenega delovanja je rasla in se razvijala v zgodbo o uspehu. Zgodovina osnovne \u0161ole Se\u010dovlje je zaznamovana s trdim delom in odrekanji, predanostjo svojemu poklicu in poslanstvu, zdravimi ambicijami in z veliko \u017eeljo postati vedno bolj\u0161i. Predvsem pa z zadovoljnimi \u0161olarkami in \u0161olarji, ki od tu odidejo dobro pripravljeni na nove izzive na svoji \u017eivljenjski poti.\u00ab<\/p>\n<p><img loading=\"lazy\" decoding=\"async\" class=\"alignnone size-large wp-image-4466\" src=\"http:\/\/slo5.net\/wordpress\/wp-content\/uploads\/2016\/10\/ossicciole.2-840x480.jpg\" alt=\"ossicciole-2\" width=\"640\" height=\"366\" \/><br \/>\n<\/em><\/p>\n<p>\u017dupan je ob tej prilo\u017enosti ravnateljici <strong>Mireli Flego<\/strong> podelil plaketo Ob\u010dine Piran ob 70. obletnici ustanovitve prve slovenske \u0161ole v Se\u010dovljah, ki je nastala iz \u017eelje, da se otroci lahko \u0161olajo v maternem jeziku. V vseh teh letih je iz skromnih za\u010detkov zrasla v pomembno ustanovo in je za kraj in ljudi ter s tem za Ob\u010dino Piran od nekdaj izrednega pomena. Ravnateljici in \u0161olskemu kolektivu pa je za\u017eelel, da bi tudi jutri in vse naslednje dni, mesece in leta \u0161e naprej skrbeli za to, da bodo u\u010denke in u\u010denci usvajali \u0161tevilna znanja in spretnosti ter se obdobja \u0161olanja spominjali s ponosom in lepimi spomini.<\/p>\n<p>Piran.si<\/p>\n","protected":false},"excerpt":{"rendered":"<p>Osnovna \u0161ola Se\u010dovlje letos praznuje 70. obletnico ustanovitve. Ob tem visokem jubileju so v\u010deraj pripravili&#8230;<\/p>\n","protected":false},"author":4,"featured_media":4467,"comment_status":"open","ping_status":"closed","sticky":false,"template":"","format":"standard","meta":{"footnotes":""},"categories":[24],"tags":[],"class_list":["post-4464","post","type-post","status-publish","format-standard","has-post-thumbnail","hentry","category-obala"],"featured_image_urls":{"full":["https:\/\/areafilm.si\/wordpress\/wp-content\/uploads\/2016\/10\/vabilo-70-obletnica-720x340.jpg",720,340,false],"thumbnail":["https:\/\/areafilm.si\/wordpress\/wp-content\/uploads\/2016\/10\/vabilo-70-obletnica-720x340-500x280.jpg",500,280,true],"medium":["https:\/\/areafilm.si\/wordpress\/wp-content\/uploads\/2016\/10\/vabilo-70-obletnica-720x340-600x340.jpg",600,340,true],"medium_large":["https:\/\/areafilm.si\/wordpress\/wp-content\/uploads\/2016\/10\/vabilo-70-obletnica-720x340.jpg",640,302,false],"large":["https:\/\/areafilm.si\/wordpress\/wp-content\/uploads\/2016\/10\/vabilo-70-obletnica-720x340.jpg",640,302,false],"1536x1536":["https:\/\/areafilm.si\/wordpress\/wp-content\/uploads\/2016\/10\/vabilo-70-obletnica-720x340.jpg",720,340,false],"2048x2048":["https:\/\/areafilm.si\/wordpress\/wp-content\/uploads\/2016\/10\/vabilo-70-obletnica-720x340.jpg",720,340,false],"covernews-featured":["https:\/\/areafilm.si\/wordpress\/wp-content\/uploads\/2016\/10\/vabilo-70-obletnica-720x340.jpg",720,340,false],"covernews-medium":["https:\/\/areafilm.si\/wordpress\/wp-content\/uploads\/2016\/10\/vabilo-70-obletnica-720x340.jpg",540,255,false],"woocommerce_thumbnail":["https:\/\/areafilm.si\/wordpress\/wp-content\/uploads\/2016\/10\/vabilo-70-obletnica-720x340-300x300.jpg",300,300,true],"woocommerce_single":["https:\/\/areafilm.si\/wordpress\/wp-content\/uploads\/2016\/10\/vabilo-70-obletnica-720x340-600x283.jpg",600,283,true],"woocommerce_gallery_thumbnail":["https:\/\/areafilm.si\/wordpress\/wp-content\/uploads\/2016\/10\/vabilo-70-obletnica-720x340-100x100.jpg",100,100,true]},"author_info":{"info":["Uredni\u0161tvo Primorski Utrip"]},"category_info":"<a href=\"https:\/\/areafilm.si\/wordpress\/category\/obala\/\" rel=\"category tag\">Obala<\/a>","tag_info":"Obala","comment_count":"0","_links":{"self":[{"href":"https:\/\/areafilm.si\/wordpress\/wp-json\/wp\/v2\/posts\/4464","targetHints":{"allow":["GET"]}}],"collection":[{"href":"https:\/\/areafilm.si\/wordpress\/wp-json\/wp\/v2\/posts"}],"about":[{"href":"https:\/\/areafilm.si\/wordpress\/wp-json\/wp\/v2\/types\/post"}],"author":[{"embeddable":true,"href":"https:\/\/areafilm.si\/wordpress\/wp-json\/wp\/v2\/users\/4"}],"replies":[{"embeddable":true,"href":"https:\/\/areafilm.si\/wordpress\/wp-json\/wp\/v2\/comments?post=4464"}],"version-history":[{"count":2,"href":"https:\/\/areafilm.si\/wordpress\/wp-json\/wp\/v2\/posts\/4464\/revisions"}],"predecessor-version":[{"id":4469,"href":"https:\/\/areafilm.si\/wordpress\/wp-json\/wp\/v2\/posts\/4464\/revisions\/4469"}],"wp:featuredmedia":[{"embeddable":true,"href":"https:\/\/areafilm.si\/wordpress\/wp-json\/wp\/v2\/media\/4467"}],"wp:attachment":[{"href":"https:\/\/areafilm.si\/wordpress\/wp-json\/wp\/v2\/media?parent=4464"}],"wp:term":[{"taxonomy":"category","embeddable":true,"href":"https:\/\/areafilm.si\/wordpress\/wp-json\/wp\/v2\/categories?post=4464"},{"taxonomy":"post_tag","embeddable":true,"href":"https:\/\/areafilm.si\/wordpress\/wp-json\/wp\/v2\/tags?post=4464"}],"curies":[{"name":"wp","href":"https:\/\/api.w.org\/{rel}","templated":true}]}}