{"id":4578,"date":"2016-11-09T22:20:55","date_gmt":"2016-11-09T21:20:55","guid":{"rendered":"http:\/\/slo5.net\/wordpress\/?p=4578"},"modified":"2016-11-09T22:20:55","modified_gmt":"2016-11-09T21:20:55","slug":"celno-trcenje-v-bertokih","status":"publish","type":"post","link":"https:\/\/areafilm.si\/wordpress\/celno-trcenje-v-bertokih\/","title":{"rendered":"\u010celno tr\u010denje v Bertokih"},"content":{"rendered":"<p class=\"western\" lang=\"en-US\" align=\"justify\"><span style=\"font-size: small\"><span lang=\"sl-SI\">KRONIKA \u2013 V torek ob 18.50 so bili policisti obve\u0161\u010deni o prometni nesre\u010di v Bertokih. Povzro\u010dil jo je 23-letni voznik osebnega avtomobila, ki je zaradi neprilagojene hitrosti tr\u010dil v nasproti voze\u010di avto, katerega je peljal 43-letni dr\u017eavljan Italije. Sopotnica v avtu Italijana se je v nesre\u010di la\u017eje po\u0161kodovala. Povzro\u010ditelju je alkotest pokazal 0,45 mg\/l. Izdan mu je bil pla\u010dilni nalog za neprilagojeno hitrost in alkohol.<\/span><\/span><\/p>\n<p class=\"western\" lang=\"en-US\" align=\"justify\"><span style=\"font-size: small\"><span lang=\"sl-SI\">V torek d<\/span><span lang=\"sl-SI\">opold<\/span><span lang=\"sl-SI\">ne<\/span><span lang=\"sl-SI\"> so policisti v Portoro\u017eu zasegli osebni avto 36-letnemu Tr\u017ei\u010danu, kateremu je alkotest pokazal 0,55 mg\/l, vozil pa je tudi brez vozni\u0161kega dovoljenja. Sledi mu obdol\u017eilni predlog. <\/span><\/span><\/p>\n<p class=\"western\" lang=\"en-US\" align=\"justify\"><span style=\"font-size: small\"><span lang=\"sl-SI\">V Prestranku je nekdo vlomil v prodajalno. Pregledal je trgovino in skladi\u0161\u010de, nato pa pobral manj\u0161o vsoto denarja. Povzro\u010dil je za 400 evrov \u0161kode. <\/span><\/span><\/p>\n<p class=\"western\" lang=\"en-US\" align=\"justify\"><span style=\"font-size: small\"><span lang=\"sl-SI\">V Kopru je nekdo pono\u010di vlomil v eno od pisarn v poslovnem objektu. Po pregledu je bilo ugotovljeno, da je ukradel laringoskop, vreden 1500 evrov.<\/span><\/span><\/p>\n<p class=\"western\" lang=\"en-US\" align=\"justify\"><em>[slika je simboli\u010dna]<\/em><\/p>\n","protected":false},"excerpt":{"rendered":"<p>KRONIKA \u2013 V torek ob 18.50 so bili policisti obve\u0161\u010deni o prometni nesre\u010di v Bertokih&#8230;.<\/p>\n","protected":false},"author":4,"featured_media":385,"comment_status":"open","ping_status":"closed","sticky":false,"template":"","format":"standard","meta":{"footnotes":""},"categories":[7],"tags":[],"class_list":["post-4578","post","type-post","status-publish","format-standard","has-post-thumbnail","hentry","category-kronika"],"featured_image_urls":{"full":["https:\/\/areafilm.si\/wordpress\/wp-content\/uploads\/2014\/09\/prometna_nesreca.jpg",282,296,false],"thumbnail":["https:\/\/areafilm.si\/wordpress\/wp-content\/uploads\/2014\/09\/prometna_nesreca-282x280.jpg",282,280,true],"medium":["https:\/\/areafilm.si\/wordpress\/wp-content\/uploads\/2014\/09\/prometna_nesreca.jpg",282,296,false],"medium_large":["https:\/\/areafilm.si\/wordpress\/wp-content\/uploads\/2014\/09\/prometna_nesreca.jpg",282,296,false],"large":["https:\/\/areafilm.si\/wordpress\/wp-content\/uploads\/2014\/09\/prometna_nesreca.jpg",282,296,false],"1536x1536":["https:\/\/areafilm.si\/wordpress\/wp-content\/uploads\/2014\/09\/prometna_nesreca.jpg",282,296,false],"2048x2048":["https:\/\/areafilm.si\/wordpress\/wp-content\/uploads\/2014\/09\/prometna_nesreca.jpg",282,296,false],"covernews-featured":["https:\/\/areafilm.si\/wordpress\/wp-content\/uploads\/2014\/09\/prometna_nesreca.jpg",282,296,false],"covernews-medium":["https:\/\/areafilm.si\/wordpress\/wp-content\/uploads\/2014\/09\/prometna_nesreca.jpg",282,296,false],"woocommerce_thumbnail":["https:\/\/areafilm.si\/wordpress\/wp-content\/uploads\/2014\/09\/prometna_nesreca.jpg",282,296,false],"woocommerce_single":["https:\/\/areafilm.si\/wordpress\/wp-content\/uploads\/2014\/09\/prometna_nesreca.jpg",282,296,false],"woocommerce_gallery_thumbnail":["https:\/\/areafilm.si\/wordpress\/wp-content\/uploads\/2014\/09\/prometna_nesreca-100x100.jpg",100,100,true]},"author_info":{"info":["Uredni\u0161tvo Primorski Utrip"]},"category_info":"<a href=\"https:\/\/areafilm.si\/wordpress\/category\/kronika\/\" rel=\"category tag\">Kronika<\/a>","tag_info":"Kronika","comment_count":"0","_links":{"self":[{"href":"https:\/\/areafilm.si\/wordpress\/wp-json\/wp\/v2\/posts\/4578","targetHints":{"allow":["GET"]}}],"collection":[{"href":"https:\/\/areafilm.si\/wordpress\/wp-json\/wp\/v2\/posts"}],"about":[{"href":"https:\/\/areafilm.si\/wordpress\/wp-json\/wp\/v2\/types\/post"}],"author":[{"embeddable":true,"href":"https:\/\/areafilm.si\/wordpress\/wp-json\/wp\/v2\/users\/4"}],"replies":[{"embeddable":true,"href":"https:\/\/areafilm.si\/wordpress\/wp-json\/wp\/v2\/comments?post=4578"}],"version-history":[{"count":2,"href":"https:\/\/areafilm.si\/wordpress\/wp-json\/wp\/v2\/posts\/4578\/revisions"}],"predecessor-version":[{"id":4580,"href":"https:\/\/areafilm.si\/wordpress\/wp-json\/wp\/v2\/posts\/4578\/revisions\/4580"}],"wp:featuredmedia":[{"embeddable":true,"href":"https:\/\/areafilm.si\/wordpress\/wp-json\/wp\/v2\/media\/385"}],"wp:attachment":[{"href":"https:\/\/areafilm.si\/wordpress\/wp-json\/wp\/v2\/media?parent=4578"}],"wp:term":[{"taxonomy":"category","embeddable":true,"href":"https:\/\/areafilm.si\/wordpress\/wp-json\/wp\/v2\/categories?post=4578"},{"taxonomy":"post_tag","embeddable":true,"href":"https:\/\/areafilm.si\/wordpress\/wp-json\/wp\/v2\/tags?post=4578"}],"curies":[{"name":"wp","href":"https:\/\/api.w.org\/{rel}","templated":true}]}}