{"id":716,"date":"2014-10-29T09:36:16","date_gmt":"2014-10-29T08:36:16","guid":{"rendered":"http:\/\/slo5.net\/wordpress\/?p=716"},"modified":"2014-10-29T09:36:16","modified_gmt":"2014-10-29T08:36:16","slug":"z-avtomobilom-zavijal-levo-in-zaprl-pot-motoristu","status":"publish","type":"post","link":"https:\/\/areafilm.si\/wordpress\/z-avtomobilom-zavijal-levo-in-zaprl-pot-motoristu\/","title":{"rendered":"Z avtomobilom zavijal levo in zaprl pot motoristu"},"content":{"rendered":"<p>KRONIKA \u2013 V torek ob 20.44 so bili policisti obve\u0161\u010deni o prometni nesre\u010di v Kopru. 66-letni voznik osebnega avtomobila je zaradi izsiljevanja prednosti zaprl pot 28-letnemu vozniku kolesa z motorjem iz Kranja. Motorist je padel in po\u0161kodovanega so odpeljali v bolni\u0161nico na pregled (zlom gle\u017enja). Povzro\u010ditelju sledi kazenska ovadba.<\/p>\n<p>V Kopru na Dolinski je nekdo z ostrim predmetom predrl vse \u0161tiri pnevmatike na osebnem avtomobilu. Lastnica je o\u0161kodovana za 200 evrov.<\/p>\n<p>V vasi pri Postojni je nekdo vlomil v stanovanjsko hi\u0161o. Pregledal je vse prostore in lastnikom ukradel ve\u010d kosov zlatnine (veri\u017eice, zapestnice, uhane in prstane). O\u0161kodovana sta za 1000 evrov.<\/p>\n<p>Zve\u010der je 66-letna voznica s Podgrada med odcepoma za Sabonje in Podbe\u017ee na ilirskobistri\u0161kem zaradi vo\u017enje preblizu desnemu robu vozi\u0161\u010da zapeljala na odbojno ograjo in se z avtomobilom prevrnila na streho. V nesre\u010di se je la\u017eje po\u0161kodovala.<\/p>\n<p>Ob 21.42 so policijo poklicali iz portoro\u0161kega lokala in prijavili, da pri njih kri\u010di gost, ki govori rusko. Takoj zatem so poklicali \u0161e iz drugega lokala in povedali isto. Policisti so 47-letnega dr\u017eavljana Rusije na\u0161li v lokalu, kjer so ga \u017ee predhodno posku\u0161ali umiriti natakarji, vendar jim ni uspelo. Odredili so mu pridr\u017eanje. Uporabljena so bila prisilna sredstva za vezanje in vklepanje. Sledi mu pla\u010dilni nalog.<\/p>\n<p>V no\u010di na sredo okrog 1.20 je v Luciji zagorel avtomobil znamke Mercedes. Gasilci so pogasili po\u017ear, kraj je bil zavarovan.<\/p>\n","protected":false},"excerpt":{"rendered":"<p>KRONIKA \u2013 V torek ob 20.44 so bili policisti obve\u0161\u010deni o prometni nesre\u010di v Kopru&#8230;.<\/p>\n","protected":false},"author":4,"featured_media":542,"comment_status":"open","ping_status":"closed","sticky":false,"template":"","format":"standard","meta":{"footnotes":""},"categories":[7],"tags":[],"class_list":["post-716","post","type-post","status-publish","format-standard","has-post-thumbnail","hentry","category-kronika"],"featured_image_urls":{"full":["https:\/\/areafilm.si\/wordpress\/wp-content\/uploads\/2014\/09\/nesreca_motor0011.jpg",500,375,false],"thumbnail":["https:\/\/areafilm.si\/wordpress\/wp-content\/uploads\/2014\/09\/nesreca_motor0011-500x280.jpg",500,280,true],"medium":["https:\/\/areafilm.si\/wordpress\/wp-content\/uploads\/2014\/09\/nesreca_motor0011-500x365.jpg",500,365,true],"medium_large":["https:\/\/areafilm.si\/wordpress\/wp-content\/uploads\/2014\/09\/nesreca_motor0011.jpg",500,375,false],"large":["https:\/\/areafilm.si\/wordpress\/wp-content\/uploads\/2014\/09\/nesreca_motor0011.jpg",500,375,false],"1536x1536":["https:\/\/areafilm.si\/wordpress\/wp-content\/uploads\/2014\/09\/nesreca_motor0011.jpg",500,375,false],"2048x2048":["https:\/\/areafilm.si\/wordpress\/wp-content\/uploads\/2014\/09\/nesreca_motor0011.jpg",500,375,false],"covernews-featured":["https:\/\/areafilm.si\/wordpress\/wp-content\/uploads\/2014\/09\/nesreca_motor0011.jpg",500,375,false],"covernews-medium":["https:\/\/areafilm.si\/wordpress\/wp-content\/uploads\/2014\/09\/nesreca_motor0011.jpg",453,340,false],"woocommerce_thumbnail":["https:\/\/areafilm.si\/wordpress\/wp-content\/uploads\/2014\/09\/nesreca_motor0011-300x300.jpg",300,300,true],"woocommerce_single":["https:\/\/areafilm.si\/wordpress\/wp-content\/uploads\/2014\/09\/nesreca_motor0011.jpg",500,375,false],"woocommerce_gallery_thumbnail":["https:\/\/areafilm.si\/wordpress\/wp-content\/uploads\/2014\/09\/nesreca_motor0011-100x100.jpg",100,100,true]},"author_info":{"info":["Uredni\u0161tvo Primorski Utrip"]},"category_info":"<a href=\"https:\/\/areafilm.si\/wordpress\/category\/kronika\/\" rel=\"category tag\">Kronika<\/a>","tag_info":"Kronika","comment_count":"0","_links":{"self":[{"href":"https:\/\/areafilm.si\/wordpress\/wp-json\/wp\/v2\/posts\/716","targetHints":{"allow":["GET"]}}],"collection":[{"href":"https:\/\/areafilm.si\/wordpress\/wp-json\/wp\/v2\/posts"}],"about":[{"href":"https:\/\/areafilm.si\/wordpress\/wp-json\/wp\/v2\/types\/post"}],"author":[{"embeddable":true,"href":"https:\/\/areafilm.si\/wordpress\/wp-json\/wp\/v2\/users\/4"}],"replies":[{"embeddable":true,"href":"https:\/\/areafilm.si\/wordpress\/wp-json\/wp\/v2\/comments?post=716"}],"version-history":[{"count":1,"href":"https:\/\/areafilm.si\/wordpress\/wp-json\/wp\/v2\/posts\/716\/revisions"}],"predecessor-version":[{"id":717,"href":"https:\/\/areafilm.si\/wordpress\/wp-json\/wp\/v2\/posts\/716\/revisions\/717"}],"wp:featuredmedia":[{"embeddable":true,"href":"https:\/\/areafilm.si\/wordpress\/wp-json\/wp\/v2\/media\/542"}],"wp:attachment":[{"href":"https:\/\/areafilm.si\/wordpress\/wp-json\/wp\/v2\/media?parent=716"}],"wp:term":[{"taxonomy":"category","embeddable":true,"href":"https:\/\/areafilm.si\/wordpress\/wp-json\/wp\/v2\/categories?post=716"},{"taxonomy":"post_tag","embeddable":true,"href":"https:\/\/areafilm.si\/wordpress\/wp-json\/wp\/v2\/tags?post=716"}],"curies":[{"name":"wp","href":"https:\/\/api.w.org\/{rel}","templated":true}]}}