{"id":725,"date":"2014-11-04T11:20:53","date_gmt":"2014-11-04T10:20:53","guid":{"rendered":"http:\/\/slo5.net\/wordpress\/?p=725"},"modified":"2014-11-04T11:20:53","modified_gmt":"2014-11-04T10:20:53","slug":"dogodki-in-prireditve-v-izoli-november-2014","status":"publish","type":"post","link":"https:\/\/areafilm.si\/wordpress\/dogodki-in-prireditve-v-izoli-november-2014\/","title":{"rendered":"Dogodki in prireditve v Izoli &#8211; november 2014"},"content":{"rendered":"<p><strong>\u00a0<\/strong><\/p>\n<table width=\"744\">\n<tbody>\n<tr>\n<td width=\"84\"><strong>DATUM<\/strong><\/td>\n<td width=\"168\"><strong>KRAJ, URA<\/strong><\/td>\n<td width=\"492\"><strong>PRIREDITEV<\/strong><\/td>\n<\/tr>\n<tr>\n<td width=\"84\">1.11. in 2.11.<\/td>\n<td width=\"168\">Art Kino Odeon, 16.00<\/td>\n<td width=\"492\"><strong>Kino vetrnica:<\/strong> dru\u017einska animacija Ledeno kraljestvo.<\/p>\n<p><em>Organizator: Art kino Odeon<\/em><\/td>\n<\/tr>\n<tr>\n<td width=\"84\">2.11.<\/td>\n<td width=\"168\">Jadralni Klub Burja<\/td>\n<td width=\"492\"><strong>Dan odprtih vrat JK Burja in klubska regata <\/strong><\/p>\n<p><em>Organizator: JK Burja<\/em><\/td>\n<\/tr>\n<tr>\n<td width=\"84\">3.11.<\/td>\n<td width=\"168\">Art Kino Odeon, 18.30<\/td>\n<td width=\"492\"><strong>Ponedeljki za zamudnike: <\/strong>drama Jimmyjev dom. Ob 20.30 triler: Dva obraza januarja.<\/p>\n<p><em>Organizator: Art kino Odeon<\/em><\/td>\n<\/tr>\n<tr>\n<td width=\"84\">4.11.<\/td>\n<td width=\"168\">Mestna Knji\u017enica Izola, 17.00<\/td>\n<td width=\"492\"><strong>Ekolo\u0161ka pravlji\u010dna ura. <\/strong>Zgodbica o Ribi, Raci in Raku. Primerna za otroke od dopolnjenega 3. leta starosti dalje. Sledila bo delavnica o neskon\u010dnih mo\u017enostih ponovne uporabe plastenk. Delavnico vodi ustvarjalka Metka \u0160ori in je namenjena otrokom od 5. leta ter njihovim star\u0161em.<\/p>\n<p><em>Organizator: Mestna Knji\u017enica Izola<\/em><\/td>\n<\/tr>\n<tr>\n<td width=\"84\">4.11.<\/td>\n<td width=\"168\">Art Kino Odeon, 18.30<\/td>\n<td width=\"492\"><strong>Vojna drama: Torneranno i prati.<\/strong><\/p>\n<p><em>Organizator: Art kino Odeon<\/em><\/td>\n<\/tr>\n<tr>\n<td width=\"84\">4.11.<\/td>\n<td width=\"168\">Mestna Knji\u017enica Izola, 19.00<\/td>\n<td width=\"492\"><strong>Predavanje. <\/strong>Kako poskrbeti, da se kljub neugodnim situacijam, ki nam jih prina\u0161a \u017eivljenje, po\u010dutimo dobro? Vstop je prost. Predavanje bo v italijanskem jeziku.<\/p>\n<p><em>Organizator: Mestna Knji\u017enica Izola, Borza znanja Izola in dru\u0161tvo Humana<\/em><\/td>\n<\/tr>\n<tr>\n<td width=\"84\">5.11.<\/td>\n<td width=\"168\">Mestna Knji\u017enica Izola, 19.00<\/td>\n<td width=\"492\"><strong>Sre\u010danje \u0160tudijskega kro\u017eka \u00bb<em>Kako \u017eivim ta trenutek<\/em>\u00ab.<\/strong> Tema sre\u010danja bo Pitagora: glasba in mi\u0161ljenje<\/p>\n<p><em>Organizator: Mestna Knji\u017enica Izola, Lectorium Rosicrucianom &#8211; Mednarodna \u0161ola Zlatega ro\u017enega kri\u017ea<\/em><\/td>\n<\/tr>\n<tr>\n<td width=\"84\">5.11.<\/td>\n<td width=\"168\">Art Kino Odeon, 20.30<\/td>\n<td width=\"492\"><strong>Caprisova premiera: <\/strong>drama: \u017denska, ki si je otrla solze<\/p>\n<p><em>Organizator: Art kino Odeon<\/em><\/td>\n<\/tr>\n<tr>\n<td width=\"84\">7.11.<\/td>\n<td width=\"168\">Mestna Knji\u017enica Izola, 19.00<\/td>\n<td width=\"492\"><strong>Predavanje. <\/strong>Resnica o vplivu drog na \u010dloveka. Predaval bo Lucjan Fortin.<\/p>\n<p><em>Organizator: Mestna Knji\u017enica Izola, Borza znanja Izola v sodelovanju s skupino Magi\u010dnost gibanja<\/em><\/td>\n<\/tr>\n<tr>\n<td width=\"84\">7.11.<\/td>\n<td width=\"168\">Kulturni dom Izola, 20.00<\/td>\n<td width=\"492\"><strong>Monokomedija<\/strong> SiTi Teatra BTC <strong>Mulc vas gleda<\/strong> z Bojanom Emer\u0161i\u010dem. Vstopnina: 10 Eur v predprodaji, 13 eur na dan prireditve.<\/p>\n<p><em>Organizator: Center za kulturo, \u0161port in prireditve Izola<\/em><\/td>\n<\/tr>\n<tr>\n<td width=\"84\">7.11.<\/td>\n<td width=\"168\">Hotel Delfin, 20.00 &#8211; 23.30<\/td>\n<td width=\"492\"><strong>Ples z ansamblom Amor<\/strong><\/p>\n<p><em>Organizator: Hotel delfin<\/em><\/td>\n<\/tr>\n<tr>\n<td width=\"84\">8.11.<\/td>\n<td width=\"168\">Arheolo\u0161ki park Simonov zaliv, 9.00 &#8211; 14.00<\/td>\n<td width=\"492\"><strong>Kamnose\u0161ka delavnica za odrasle. <\/strong>Delavnica je brezpla\u010dna, vodil jo bo Marko Zelenko. V primeru slabega vremena delavnica odpade. Obvezna je predhodna najava na e-naslov: vila.simonovzaliv@ vrs.upr.si<\/p>\n<p><em>Organizator: Univerza na Primorskem &#8211; ZRS, In\u0161titut za dedi\u0161\u010dino Sredozemlja, Mestna Knji\u017enica Izola, Borza znanja<\/em><\/td>\n<\/tr>\n<tr>\n<td width=\"84\">8.11.<\/td>\n<td width=\"168\">Kulturni dom Izola, 18.00<\/td>\n<td width=\"492\"><strong>Predstava. FOLK &amp; NOS, 14. edicija etno &#8211; folkloristi<\/strong><strong>\u010dne prireditve.<\/strong><\/p>\n<p><em>Organizator: <\/em><em>Comunita\u2019 degli italiani \u201cDante Alighieri di Isola\u201d<\/em><\/td>\n<\/tr>\n<tr>\n<td width=\"84\">8.11.<\/td>\n<td width=\"168\">Hotel Delfin, 20.00 &#8211; 23.30<\/td>\n<td width=\"492\"><strong>Ples z ansamblom Amor<\/strong><\/p>\n<p><em>Organizator: Hotel delfin<\/em><\/td>\n<\/tr>\n<tr>\n<td width=\"84\"><em>8.11. in 9. 11.<\/em><\/td>\n<td width=\"168\">Jadralni Klub Burja<\/td>\n<td width=\"492\"><strong><em>Martinova regata<\/em><\/strong><em>. Za razred optimist in dr\u017eavno prvenstvo za razreda Laser 4.7 in Laser Standard<\/em><\/p>\n<p><em>Organizator: JK Burja<\/em><\/td>\n<\/tr>\n<tr>\n<td width=\"84\"><em>8.11.<\/em><\/td>\n<td width=\"168\">Moby Dick Izola<\/td>\n<td width=\"492\"><strong><em>Koncert. <\/em><\/strong>Rudi Bu\u010dar in Istrabend<\/p>\n<p><em>Organizator: Moby Dick<\/em><\/td>\n<\/tr>\n<tr>\n<td width=\"84\"><em>9.11.<\/em><\/td>\n<td width=\"168\">Pla\u017ea San Simon, 8.00<\/td>\n<td width=\"492\">\n<ol start=\"4\">\n<li><strong><em> Martinov tek in pohod.<\/em><\/strong><\/li>\n<\/ol>\n<p><em>Organizator: Center za kulturo, \u0161port in prireditve Izola<\/em><\/td>\n<\/tr>\n<tr>\n<td width=\"84\"><em>11.11.<\/em><\/td>\n<td width=\"168\">Manziolijeva pala\u010da, 19.00<\/td>\n<td width=\"492\"><strong>Martinovanje. <\/strong>Zabaven kulturni program s Skupino kitar in pevcev pod mentorstvom Enza Hrovatina in z pevskim zborom Haliaetum, dirigent: Giuliano Goruppi.<\/p>\n<p><em>Organizator: <\/em><em>Comunita\u2019 degli italiani \u201cPasquale Besenghi degli Ughi\u201ddi Isola<\/em><\/td>\n<\/tr>\n<tr>\n<td width=\"84\"><em>12.11.<\/em><\/td>\n<td width=\"168\">Mestna Knji\u017enica Izola, 19.00<\/td>\n<td width=\"492\"><strong>Ve\u010der poezije in glasbe Nu\u0161e Ilovar. <\/strong>Vstopnine ni.<\/p>\n<p><em>Organizator: Mestna Knji\u017enica Izola<\/em><\/td>\n<\/tr>\n<tr>\n<td width=\"84\"><em>14.11.<\/em><\/td>\n<td width=\"168\">Kulturni dom Izola, 19.00<\/td>\n<td width=\"492\"><strong>20 let Kvarteta 7 Plus. <\/strong>Kvartet 7 Plus bo praznovanje 20. obletnice delovanja sklenil s slavnostnim koncertom, na katerem bodo nastopali tudi Rudi Bu\u010dar in Slovenski oktet. Vstopnina: 10 eur v predprodaji, 15 eur na dan prireditve.<\/p>\n<p><em>Organizator: Center za kulturo, \u0161port in prireditve Izola<\/em><\/td>\n<\/tr>\n<tr>\n<td width=\"84\"><em>14.11.<\/em><\/td>\n<td width=\"168\">Mestna Knji\u017enica Izola, 19.00<\/td>\n<td width=\"492\"><strong>Predstavitev knjige ter DVD-ja.<\/strong> <em>&#8221;Gradnja z naravnimi materiali<\/em>&#8221;, Predstavitev knjige in DVD-ja avtorja Mira \u017ditka.<\/p>\n<p><em>Organizator: Mestna Knji\u017enica Izola<\/em><\/td>\n<\/tr>\n<tr>\n<td width=\"84\"><em>14.11<\/em><\/td>\n<td width=\"168\">Hotel Delfin, 20.00 &#8211; 23.30<\/td>\n<td width=\"492\"><strong>Ples z ansamblom Amor<\/strong><\/p>\n<p><em>Organizator: Hotel delfin<\/em><\/td>\n<\/tr>\n<tr>\n<td width=\"84\"><em>15.11.<\/em><\/td>\n<td width=\"168\">Mestna Knji\u017enica Izola, 08.00 &#8211; 13.00<\/td>\n<td width=\"492\"><strong>Delavnica za odrasle. <\/strong>Izdelajmo si svoj anti\u010dni mozaik. Udele\u017eenci delavnice se bodo seznanili s tehnikami izdelave anti\u010dnega mozaika in si ustvarili svoj mozaik. Delavnica je za udele\u017eence brezpla\u010dna. Udele\u017eba je omejena na 10 sodelujo\u010dih. Delavnico bo vodila specialistka mozai\u010dne umetnosti mag. Megi Ur\u0161i\u010d Calzi. Prijave so obvezne in se zbirajo na e-naslovu: <a href=\"mailto:vila.simonovzaliv@zrs.upr.si\">vila.simonovzaliv@zrs.upr.si<\/a>.<\/p>\n<p><em>Organizator: Mestna Knji\u017enica Izola, Borza znanja Izola, Univerza na Primorskem &#8211; ZRS, In\u0161titut za dedi\u0161\u010dino Sredozemlja<\/em><\/td>\n<\/tr>\n<tr>\n<td width=\"84\"><em>15.11.<\/em><\/td>\n<td width=\"168\">Manziolijeva pala\u010da, 18.00<\/td>\n<td width=\"492\"><strong>Gledali\u0161ka predstava. <\/strong>Gledali\u0161ka supina \u201cIl Salotto Veneziano\u201d iz Benetk bo predstavila izbor najbolj\u0161ih gledali\u0161kih del Carla Goldonija.<\/p>\n<p><em>Organizator: Comunita\u2019 degli Italiani Dante Alighieri di Isola<\/em><\/td>\n<\/tr>\n<tr>\n<td width=\"84\">15.11<\/td>\n<td width=\"168\">Hotel Delfin, 20.00 &#8211; 23.00<\/td>\n<td width=\"492\"><strong>Ples z ansamblom Amor<\/strong><\/p>\n<p><em>Organizator: Hotel delfin<\/em><\/td>\n<\/tr>\n<tr>\n<td width=\"84\">17.11.<\/td>\n<td width=\"168\">Mestna Knji\u017enica Izola,<\/p>\n<p>16.30 &#8211; 18.30<\/td>\n<td width=\"492\"><strong>Arheolo\u0161ka delavnica za odrasle: Izdelajmo si svoj anti\u010dni nakit.<\/strong> Delavnica je za udele\u017eence brezpla\u010dna. Udele\u017eba je omejena na 10 sodelujo\u010dih. Delavnico bo vodila Snje\u017eana Karinja, arheologinja in muzejska svetovalka v Pomorskem muzeju Piran. Prijave so obvezne in se zbirajo na e-naslovu: <a href=\"mailto:vila.simonovzaliv@zrs.upr.si\">vila.simonovzaliv@zrs.upr.si<\/a><\/p>\n<p><em>Organizator: Mestna Knji\u017enica Izola, Borza znanja Izola, Univerza na Primorskem &#8211; ZRS, In\u0161titut za dedi\u0161\u010dino Sredozemlja<\/em><\/td>\n<\/tr>\n<tr>\n<td width=\"84\">17.11.<\/td>\n<td width=\"168\">Mestna Knji\u017enica Izola, 19.00<\/td>\n<td width=\"492\"><strong>Predstavitev knjige. <\/strong>Skrivnosti lepote 2 \u2013 Knjiga za vsako \u017eensko. Priznani slovenski viza\u017eist in strokovnjak na podro\u010dju uporabe kozmeti\u010dnih proizvodov in li\u010di &#8211; Evgen Gec je izdal drugo knjigo o lepoti\u010denju.<\/p>\n<p><em>Organizator: Mestna Knji\u017enica Izola<\/em><\/td>\n<\/tr>\n<tr>\n<td width=\"84\">18.11.<\/td>\n<td width=\"168\">Mestna Knji\u017enica Izola, 19.00<\/td>\n<td width=\"492\"><strong>Predavanje. <\/strong>Holisti\u010dni pogled na te\u017eave s hrbtenico \u2013 Pot k psihoenergetskemu ravnote\u017eju. Predavanje bo v italijanskem jeziku s sprotnim prevodom v sloven\u0161\u010dino.<\/p>\n<p><em>Organizator: Mestna Knji\u017enica Izola in Borza znanja v sodelovanju s timom HABITATI<\/em><\/td>\n<\/tr>\n<tr>\n<td width=\"84\">19.11.<\/td>\n<td width=\"168\">Mestna Knji\u017enica Izola, 19.00<\/td>\n<td width=\"492\"><strong>Sre\u010danje \u0160tudijskega kro\u017eka \u00bb<em>Kako \u017eivim ta trenutek<\/em>\u00ab. <\/strong>Vsebina sre\u010danja bo Tesla Metamorfoza -Teslovi zdravilni tokovi.<\/p>\n<p><em>Organizator: Mestna Knji\u017enica Izola<\/em><\/td>\n<\/tr>\n<tr>\n<td width=\"84\">20.11.<\/td>\n<td width=\"168\">Mestna Knji\u017enica Izola, 19.00<\/td>\n<td width=\"492\"><strong>Predavanje. <\/strong>Knjiga je (ni?) oro\u017eje. Ob dnevu slovenskih splo\u0161nih knji\u017enic Mestna knji\u017enica Izola vabi na predavanje Du\u0161ana Rutarja na temo o pomenu branja knjig za razvoj mo\u017eganov.<\/p>\n<p><em>Organizator: Mestna Knji\u017enica Izola<\/em><\/td>\n<\/tr>\n<tr>\n<td width=\"84\">21.11.<\/td>\n<td width=\"168\">Mestna Knji\u017enica Izola, 19.00<\/td>\n<td width=\"492\"><strong>Sre\u010danje \u0161tudijskega kro\u017eka Svet v Dlaneh. <\/strong>Tokio, prestolnica De\u017eele vzhajajo\u010dega sonca.<\/p>\n<p>Vstopnine ni.<\/p>\n<p><em>Organizator: Mestna Knji\u017enica Izola<\/em><\/td>\n<\/tr>\n<tr>\n<td width=\"84\">21.11.<\/td>\n<td width=\"168\">Kulturni dom Izola, 20.00<\/td>\n<td width=\"492\"><strong>Sto sr\u010dnih &#8211; Manca Izmajlova in Benjamin Izmajlov. <\/strong>Koncert &#8211; Manca Izmajlova in Benjamin Izmajlov &#8211; pevka s prelepim glasom in virtuoz violinist iz najve\u010djih svetovnih glasbenih odrov prihajata na najmanj\u0161e slovenske. Vstopnina: 10 eur v predprodaji, 13 eur na dan prireditve<strong>.<\/strong><\/p>\n<p><em>Organizator: Center za kulturo, \u0161port in prireditve Izola<\/em><\/td>\n<\/tr>\n<tr>\n<td width=\"84\">21.11.<\/td>\n<td width=\"168\">Hotel Delfin, 20.00 &#8211; 23.00<\/td>\n<td width=\"492\"><strong>Ples z <\/strong>ansamblom Ottavia Brajka<\/p>\n<p><em>Organizator: Hotel delfin<\/em><\/td>\n<\/tr>\n<tr>\n<td width=\"84\">22.11.<\/td>\n<td width=\"168\">Hotel Delfin, 20.00 &#8211; 23.00<\/td>\n<td width=\"492\"><strong>Koncert. <\/strong>Ansambel Ottavia Brajka<\/p>\n<p><em>Organizator: Hotel delfin<\/em><\/td>\n<\/tr>\n<tr>\n<td width=\"84\">22.11.<\/td>\n<td width=\"168\">Cerkev Sv. Mavra. 20.00<\/td>\n<td width=\"492\"><strong>Zborovski koncert. XXVII mednarodno sre<\/strong><strong>\u010danje pevskih zborov.<\/strong><\/p>\n<p><em>Organizator: <\/em><em>Comunita\u2019 degli italiani \u201cPasquale Besenghi degli Ughi\u201ddi Isola<\/em><\/td>\n<\/tr>\n<tr>\n<td width=\"84\">23.11.<\/td>\n<td width=\"168\">Kulturni dom Izola, 19.00<\/td>\n<td width=\"492\"><strong>Gledali\u0161ka predstava. <\/strong>Gledali\u0161ka skupina \u00bbCompagnia dei giovani \/ L&#8217;Armonia iz Trsta bo predstavila komedijo Agostina Tommasija, v tr\u017ea\u0161kem nare\u010dju \u00bbChi va co&#8217;lsempio..se insempia\u00ab. Re\u017eija: Julian Sgherla.<\/p>\n<p><em>Organizator: <\/em><em>Comunita\u2019 degli italiani \u201cPasquale Besenghi degli Ughi\u201ddi Isola<\/em><\/td>\n<\/tr>\n<tr>\n<td width=\"84\">25.11.<\/td>\n<td width=\"168\">Mestna Knji\u017enica Izola, 17.00<\/td>\n<td width=\"492\"><strong>Ekolo\u0161ka pravlji\u010dna ura. <\/strong>Pravlji\u010darka Kristina Menih bo uprizorila avtorsko ekolo\u0161ko zgodbico o Morju. Zgodba je primerna za otroke od dopolnjenega 3. leta starosti dalje. Sledila bo druga delavnica o mo\u017enostih ponovne uporabe plastenk, ki so med najpogosteje najdenimi predmeti na na\u0161i obali. Delavnico vodi ustvarjalka Metka \u0160ori in je namenjena otrokom od 5. leta ter njihovim star\u0161em.<\/p>\n<p><em>Organizator: Mestna Knji\u017enica Izola<\/em><\/td>\n<\/tr>\n<tr>\n<td width=\"84\">26.11.<\/td>\n<td width=\"168\">Mestna Knji\u017enica Izola, 19.00<\/td>\n<td width=\"492\"><strong>Sre\u010danje \u0160K Kako \u017eivim ta trenutek. <\/strong>Sre\u010danje bo vodil Jo\u0161ko Cesar. Prikazal bo tehnike dihanja in na\u010dine samopomo\u010di. Vstop je prost.<\/p>\n<p><em>Organizator: Mestna Knji\u017enica Izola<\/em><\/td>\n<\/tr>\n<tr>\n<td width=\"84\">27.11.<\/td>\n<td width=\"168\">Mestna Knji\u017enica Izola, 19.00<\/td>\n<td width=\"492\"><strong>Sre\u010danje \u0160K Svet v dlaneh: \u00bbPotniki Noetove barke\u00ab.<\/strong><\/p>\n<p><em>Organizator: Mestna Knji\u017enica Izola<\/em><\/td>\n<\/tr>\n<tr>\n<td width=\"84\">28.11.<\/td>\n<td width=\"168\">Manziolijeva pala\u010da, 19.00<\/td>\n<td width=\"492\"><strong>Podelitev in razstava. Podelitev nagrade \u00bbIsola d&#8217; Istria 2014\u00ab<\/strong><\/p>\n<p><em>Organizator: Comunita&#8217; Autogestita della Nazionalita&#8217; italiana.<\/em><\/td>\n<\/tr>\n<tr>\n<td width=\"84\">28.11.<\/td>\n<td width=\"168\">Hotel Delfin, 20.00 &#8211; 23.00<\/td>\n<td width=\"492\"><strong>Ples z <\/strong>ansamblom Ottavia Brajka<\/p>\n<p><em>Organizator: Hotel delfin<\/em><\/td>\n<\/tr>\n<tr>\n<td width=\"84\">29.11.<\/td>\n<td width=\"168\">Mestna Knji\u017enica Izola, 10.00<\/td>\n<td width=\"492\"><strong>Ustvarjalna delavnica za odrasle<\/strong> &#8211; Bo\u017ei\u010dno-novoletne vo\u0161\u010dilnice.<\/p>\n<p>Izdelavo vo\u0161\u010dilnic bo prikazala Majda Podnar. Delavnica bo trajala bo pribli\u017eno 2 uri in je za udele\u017eence brezpla\u010dna. Udele\u017eba je omejena na 12 sodelujo\u010dih. Prijavite se lahko osebno v pisarni Borze znanja Izola v Mestni knji\u017enici Izola ali na tel.\u0161t.: (05) 66-31-282.<\/p>\n<p><em>Organizator: Mestna Knji\u017enica Izola in Borza znanja Izola<\/em><\/td>\n<\/tr>\n<tr>\n<td width=\"84\">29.11.<\/td>\n<td width=\"168\">Kulturni dom Izola, 18.00<\/td>\n<td width=\"492\"><strong>Gledali\u0161ka predstava. Tutti a teatro, 7. edicija prireditve posve<\/strong><strong>\u010deni mladim gledali\u0161kim skupinam.<\/strong><\/p>\n<p><em>Organizator: Comunita\u2019 degli Italiani Dante Alighieri di Isola<\/em><\/td>\n<\/tr>\n<tr>\n<td width=\"84\">29.11.<\/td>\n<td width=\"168\">Hotel Delfin, 20.00 &#8211; 23.00<\/td>\n<td width=\"492\"><strong>Ples z <\/strong>ansamblom Ottavia Brajka<\/p>\n<p><em>Organizator: Hotel delfin<\/em><\/td>\n<\/tr>\n<\/tbody>\n<\/table>\n<p><em>Informacije, rezervacije in prodaja vstopnic: Galerija Alga Izola, Kristanov trg 3, pon 10.00 \u2013 12.00, tor \u2013 pet 10.00 \u2013 12.00 + 17.00 &#8211; 19.00, sobota 10.00 \u2013 12.00, ponedeljek in nedelja zaprto, tel: 05 641 84 39 ter Art kino Odeon, Ul. Prekomorskih brigad 4, vsak dan od 18.00 \u2013 20.30, <\/em><a href=\"mailto:info@odeon.si\"><em>info@odeon.si<\/em><\/a><\/p>\n<p><em>Knji\u017enica v Manziolijevi pala\u010di: pon, tor, \u010det: 10.00 \u2013 13.00, sre, pet: 16.00 \u2013 19.00, \u010ditalnica: pon \u2013 pet: 17.00 \u2013 20.00<\/em><\/p>\n<p><em>Mestna knji\u017enica Izola: ponedeljek \u2013 petek: 9.00 \u2013 18.30, sobota 8.00 \u2013 13.00, nedelja zaprto<\/em><\/p>\n<p><strong>\u00a0<\/strong><\/p>\n<p><strong>\u00a0<\/strong><\/p>\n<p><strong>Umetni\u0161ke razstave<\/strong><\/p>\n<table width=\"744\">\n<tbody>\n<tr>\n<td width=\"84\"><strong>DATUM<\/strong><\/td>\n<td width=\"144\"><strong>KRAJ, URA<\/strong><\/td>\n<td width=\"516\"><strong>RAZSTAVA<\/strong><\/td>\n<\/tr>\n<tr>\n<td width=\"84\">1.11. &#8211; 30.11.<\/td>\n<td width=\"144\">Mestna knji\u017enica Izola<\/td>\n<td width=\"516\"><strong>STENA USTVARJALNOSTI V NOVEMBRU. <\/strong>Fotografska razstava \u00bbUjeti morski motivi\u00ab<\/p>\n<p>V novembru bo na Steni ustvarjalnosti v Mestni knji\u017enici Izola na ogled fotografska razstava \u00bbUjeti morski motivi\u00ab. Avtor fotografij je Vlado Berneti\u010d, knji\u017eni\u010dar na Morski biolo\u0161ki postaji, publicist in fotograf.<\/p>\n<p>Vabljeni k ogledu vsak dan od ponedeljka do petka med 9. in 18. uro ter ob sobotah od 8. do 13. ure.<\/p>\n<p><em>Organizator: Mestna Knji\u017enica Izola<\/em><\/td>\n<\/tr>\n<tr>\n<td width=\"84\">1.11. &#8211; 30.11.<\/td>\n<td width=\"144\">Mestna knji\u017enica Izola<\/td>\n<td width=\"516\"><strong>VITRINA USTVARJALNOSTI V OKTOBRU. <\/strong>Morski odpadki. Regionalni razvoji center Koper vodi slovenski del projekta marlisco, v okviru katerega je v sodelovanju s Centrom za pospe\u0161evanje podjetni\u0161tva Piran pripravil razstavo \u00bbMorski odpadki\u00ab, ki bo v novembru na ogled v Vitrini ustvarjalnosti v Mestni knji\u017enici Izola.<\/p>\n<p>Vabljeni k ogledu razstave vsak dan od ponedeljka do petka med 9. in 18. uro ter ob sobotah od 8. do 13. ure.<\/p>\n<p><em>Organizator: Mestna Knji\u017enica Izola<\/em><\/td>\n<\/tr>\n<tr>\n<td width=\"84\">6.11.<\/td>\n<td width=\"144\">Galerija Alga, 19.00<\/td>\n<td width=\"516\"><strong>Otvoritev razstave <\/strong>\u010dlanic Slikarske skupine Andrago\u0161kega dru\u0161tva<strong> Morje <\/strong>iz Izole<strong>. <\/strong>Vstop prost.<\/p>\n<p><em>Organizator: Center za kulturo, \u0161port in prireditve Izola<\/em><\/td>\n<\/tr>\n<tr>\n<td width=\"84\"><\/td>\n<td width=\"144\"><\/td>\n<td width=\"516\"><strong>\u00a0<\/strong><\/td>\n<\/tr>\n<\/tbody>\n<\/table>\n<p><em>Galerija Insula: 9.00 &#8211; 14.00 + 17.00 &#8211; 19.00, sobota 10.00 &#8211; 13.00, nedelje, prazniki in ponedeljki popoldan je galerija zaprta<\/em><\/p>\n<p><em>Galerija Alga Izola: tor &#8211; pet 10.00 \u2013 12.00 + 17.00 &#8211; 19.00, sobota 10.00 \u2013 12.00, ponedeljek in nedelja zaprto, tel: 05 641 84 39 ali v Kinu Odeon <\/em><\/p>\n<p><em>Manziolijeva pala\u010da: ponedeljek \u2013 petek: 10.00 &#8211; 12.00 + 17.00 &#8211; 20.00<\/em><\/p>\n<p><em>Son\u010dna dvorana: <\/em>\u010detrtek, petek od 16.00 do 18.00, sobota od 10.00 do 12.00.<\/p>\n<p><em>Galerija Salsaverde: pon &#8211; pet: 16.30 \u2013 20.00, sobota: 10.00 \u2013 12.00 + 16.30 &#8211; 20.00, tel: 041 689 001<\/em><\/p>\n<p><em>Mestna knji\u017enica Izola: ponedeljek \u2013 petek: 9.00 \u2013 18.00, sobota 8.00 \u2013 13.00, nedelja zaprto<\/em><\/p>\n","protected":false},"excerpt":{"rendered":"<p>\u00a0 DATUM KRAJ, URA PRIREDITEV 1.11. in 2.11. Art Kino Odeon, 16.00 Kino vetrnica: dru\u017einska&#8230;<\/p>\n","protected":false},"author":4,"featured_media":618,"comment_status":"open","ping_status":"closed","sticky":false,"template":"","format":"standard","meta":{"footnotes":""},"categories":[8],"tags":[],"class_list":["post-725","post","type-post","status-publish","format-standard","has-post-thumbnail","hentry","category-prirditve"],"featured_image_urls":{"full":["https:\/\/areafilm.si\/wordpress\/wp-content\/uploads\/2014\/09\/prireditve_izola01.jpg",750,500,false],"thumbnail":["https:\/\/areafilm.si\/wordpress\/wp-content\/uploads\/2014\/09\/prireditve_izola01-500x280.jpg",500,280,true],"medium":["https:\/\/areafilm.si\/wordpress\/wp-content\/uploads\/2014\/09\/prireditve_izola01-600x365.jpg",600,365,true],"medium_large":["https:\/\/areafilm.si\/wordpress\/wp-content\/uploads\/2014\/09\/prireditve_izola01.jpg",640,427,false],"large":["https:\/\/areafilm.si\/wordpress\/wp-content\/uploads\/2014\/09\/prireditve_izola01-750x480.jpg",640,410,true],"1536x1536":["https:\/\/areafilm.si\/wordpress\/wp-content\/uploads\/2014\/09\/prireditve_izola01.jpg",750,500,false],"2048x2048":["https:\/\/areafilm.si\/wordpress\/wp-content\/uploads\/2014\/09\/prireditve_izola01.jpg",750,500,false],"covernews-featured":["https:\/\/areafilm.si\/wordpress\/wp-content\/uploads\/2014\/09\/prireditve_izola01.jpg",750,500,false],"covernews-medium":["https:\/\/areafilm.si\/wordpress\/wp-content\/uploads\/2014\/09\/prireditve_izola01.jpg",510,340,false],"woocommerce_thumbnail":["https:\/\/areafilm.si\/wordpress\/wp-content\/uploads\/2014\/09\/prireditve_izola01-300x300.jpg",300,300,true],"woocommerce_single":["https:\/\/areafilm.si\/wordpress\/wp-content\/uploads\/2014\/09\/prireditve_izola01-600x400.jpg",600,400,true],"woocommerce_gallery_thumbnail":["https:\/\/areafilm.si\/wordpress\/wp-content\/uploads\/2014\/09\/prireditve_izola01-100x100.jpg",100,100,true]},"author_info":{"info":["Uredni\u0161tvo Primorski Utrip"]},"category_info":"<a href=\"https:\/\/areafilm.si\/wordpress\/category\/prirditve\/\" rel=\"category tag\">Prireditve<\/a>","tag_info":"Prireditve","comment_count":"0","_links":{"self":[{"href":"https:\/\/areafilm.si\/wordpress\/wp-json\/wp\/v2\/posts\/725","targetHints":{"allow":["GET"]}}],"collection":[{"href":"https:\/\/areafilm.si\/wordpress\/wp-json\/wp\/v2\/posts"}],"about":[{"href":"https:\/\/areafilm.si\/wordpress\/wp-json\/wp\/v2\/types\/post"}],"author":[{"embeddable":true,"href":"https:\/\/areafilm.si\/wordpress\/wp-json\/wp\/v2\/users\/4"}],"replies":[{"embeddable":true,"href":"https:\/\/areafilm.si\/wordpress\/wp-json\/wp\/v2\/comments?post=725"}],"version-history":[{"count":1,"href":"https:\/\/areafilm.si\/wordpress\/wp-json\/wp\/v2\/posts\/725\/revisions"}],"predecessor-version":[{"id":726,"href":"https:\/\/areafilm.si\/wordpress\/wp-json\/wp\/v2\/posts\/725\/revisions\/726"}],"wp:featuredmedia":[{"embeddable":true,"href":"https:\/\/areafilm.si\/wordpress\/wp-json\/wp\/v2\/media\/618"}],"wp:attachment":[{"href":"https:\/\/areafilm.si\/wordpress\/wp-json\/wp\/v2\/media?parent=725"}],"wp:term":[{"taxonomy":"category","embeddable":true,"href":"https:\/\/areafilm.si\/wordpress\/wp-json\/wp\/v2\/categories?post=725"},{"taxonomy":"post_tag","embeddable":true,"href":"https:\/\/areafilm.si\/wordpress\/wp-json\/wp\/v2\/tags?post=725"}],"curies":[{"name":"wp","href":"https:\/\/api.w.org\/{rel}","templated":true}]}}