{"id":729,"date":"2014-11-05T12:18:24","date_gmt":"2014-11-05T11:18:24","guid":{"rendered":"http:\/\/slo5.net\/wordpress\/?p=729"},"modified":"2014-11-05T12:18:24","modified_gmt":"2014-11-05T11:18:24","slug":"s-kozarcem-v-roki-vozil-po-kopru","status":"publish","type":"post","link":"https:\/\/areafilm.si\/wordpress\/s-kozarcem-v-roki-vozil-po-kopru\/","title":{"rendered":"S kozarcem v roki vozil po Kopru"},"content":{"rendered":"<p>KRONIKA &#8211; V no\u010di na sredo ob 2.20 so policisti prejeli obvestilo, da se je mo\u0161ki pripeljal do centra Kopra vinjen, v roki je dr\u017eal kozarec z alkoholno pija\u010do, pred tem pa je po koprski promenadi vozil pol po cesti, pol po plo\u010dniku. Policisti so kombi kmalu zatem ustavili. 27-letnemu vozniku iz okolice Kopra je opravljen preizkus alkoholiziranosti pokazal 0,70 mg\/l. Prepovedana mu je bila nadaljnja vo\u017enja, sledi mu obdol\u017eilni predlog.<\/p>\n<p>V torek ob 14.30 so imeli policisti na mejnem prehodu Starod v postopku \u0161est dr\u017eavljanov Albanije, ki so imeli pri sebi \u0161est ponarejenih dokumentov. Dokumente so jim zasegli, sledijo jim kazenske ovadbe, in sicer enemu za prikrivanje, dvema pa za ponarejanje listin.<\/p>\n<p>V torek popoldne so imeli policisti v Diva\u010di postopek s 25-letnim doma\u010dinom. Policista sta ga zaustavila, ker sta vedela, da ne poseduje vozni\u0161kega dovoljenja, vozil pa je tudi neregistrirano kolo z motorjem brez \u010delade. Opazila sta, da je v roke vzel manj\u0161o okroglo posodo (pozneje ugotovljeno, da so bile v njej tablete, ki so na seznamu prepovedanih substanc). Doma\u010din je v postopku napadel policista, vendar sta ga obvladala in vklenila. Diva\u010dan je osumljen storitve kaznivega dejanja prepre\u010ditve uradnega dejanja ali ma\u0161\u010devanje uradni osebi, ker je posku\u0161al prepre\u010dil izvedbo uradnega dejanja, policista pa je tudi napadel in jima grozil. Zaradi vo\u017enje brez vozni\u0161kega dovoljenja so mu kolo z motorjem zasegli, odrejen preizkus alkoholiziranosti pa je pokazal 0,46 mg\/l izdihanega zraka. Sledi mu enotni obdol\u017eilni predlog za kr\u0161itve.<\/p>\n<p>Na obmo\u010dju Kozine so obravnavali nasilje v dru\u017eini. Mo\u0161ki je fizi\u010dno napadel svojo \u017eeno, policisti pa so ugotovili, da je to po\u010del ve\u010d let. Sledi mu kazenska ovadba. Izre\u010den mu je bil tudi ukrep prepovedi pribli\u017eevanja.<\/p>\n","protected":false},"excerpt":{"rendered":"<p>KRONIKA &#8211; V no\u010di na sredo ob 2.20 so policisti prejeli obvestilo, da se je&#8230;<\/p>\n","protected":false},"author":4,"featured_media":652,"comment_status":"open","ping_status":"closed","sticky":false,"template":"","format":"standard","meta":{"footnotes":""},"categories":[7],"tags":[],"class_list":["post-729","post","type-post","status-publish","format-standard","has-post-thumbnail","hentry","category-kronika"],"featured_image_urls":{"full":["https:\/\/areafilm.si\/wordpress\/wp-content\/uploads\/2014\/10\/policijski_avto.jpg",491,269,false],"thumbnail":["https:\/\/areafilm.si\/wordpress\/wp-content\/uploads\/2014\/10\/policijski_avto.jpg",491,269,false],"medium":["https:\/\/areafilm.si\/wordpress\/wp-content\/uploads\/2014\/10\/policijski_avto.jpg",491,269,false],"medium_large":["https:\/\/areafilm.si\/wordpress\/wp-content\/uploads\/2014\/10\/policijski_avto.jpg",491,269,false],"large":["https:\/\/areafilm.si\/wordpress\/wp-content\/uploads\/2014\/10\/policijski_avto.jpg",491,269,false],"1536x1536":["https:\/\/areafilm.si\/wordpress\/wp-content\/uploads\/2014\/10\/policijski_avto.jpg",491,269,false],"2048x2048":["https:\/\/areafilm.si\/wordpress\/wp-content\/uploads\/2014\/10\/policijski_avto.jpg",491,269,false],"covernews-featured":["https:\/\/areafilm.si\/wordpress\/wp-content\/uploads\/2014\/10\/policijski_avto.jpg",491,269,false],"covernews-medium":["https:\/\/areafilm.si\/wordpress\/wp-content\/uploads\/2014\/10\/policijski_avto.jpg",491,269,false],"woocommerce_thumbnail":["https:\/\/areafilm.si\/wordpress\/wp-content\/uploads\/2014\/10\/policijski_avto-300x269.jpg",300,269,true],"woocommerce_single":["https:\/\/areafilm.si\/wordpress\/wp-content\/uploads\/2014\/10\/policijski_avto.jpg",491,269,false],"woocommerce_gallery_thumbnail":["https:\/\/areafilm.si\/wordpress\/wp-content\/uploads\/2014\/10\/policijski_avto-100x100.jpg",100,100,true]},"author_info":{"info":["Uredni\u0161tvo Primorski Utrip"]},"category_info":"<a href=\"https:\/\/areafilm.si\/wordpress\/category\/kronika\/\" rel=\"category tag\">Kronika<\/a>","tag_info":"Kronika","comment_count":"0","_links":{"self":[{"href":"https:\/\/areafilm.si\/wordpress\/wp-json\/wp\/v2\/posts\/729","targetHints":{"allow":["GET"]}}],"collection":[{"href":"https:\/\/areafilm.si\/wordpress\/wp-json\/wp\/v2\/posts"}],"about":[{"href":"https:\/\/areafilm.si\/wordpress\/wp-json\/wp\/v2\/types\/post"}],"author":[{"embeddable":true,"href":"https:\/\/areafilm.si\/wordpress\/wp-json\/wp\/v2\/users\/4"}],"replies":[{"embeddable":true,"href":"https:\/\/areafilm.si\/wordpress\/wp-json\/wp\/v2\/comments?post=729"}],"version-history":[{"count":1,"href":"https:\/\/areafilm.si\/wordpress\/wp-json\/wp\/v2\/posts\/729\/revisions"}],"predecessor-version":[{"id":730,"href":"https:\/\/areafilm.si\/wordpress\/wp-json\/wp\/v2\/posts\/729\/revisions\/730"}],"wp:featuredmedia":[{"embeddable":true,"href":"https:\/\/areafilm.si\/wordpress\/wp-json\/wp\/v2\/media\/652"}],"wp:attachment":[{"href":"https:\/\/areafilm.si\/wordpress\/wp-json\/wp\/v2\/media?parent=729"}],"wp:term":[{"taxonomy":"category","embeddable":true,"href":"https:\/\/areafilm.si\/wordpress\/wp-json\/wp\/v2\/categories?post=729"},{"taxonomy":"post_tag","embeddable":true,"href":"https:\/\/areafilm.si\/wordpress\/wp-json\/wp\/v2\/tags?post=729"}],"curies":[{"name":"wp","href":"https:\/\/api.w.org\/{rel}","templated":true}]}}