{"id":799,"date":"2014-11-25T13:06:48","date_gmt":"2014-11-25T12:06:48","guid":{"rendered":"http:\/\/slo5.net\/wordpress\/?p=799"},"modified":"2014-11-25T13:06:48","modified_gmt":"2014-11-25T12:06:48","slug":"zaradi-srne-padel-z-motorjem-in-se-poskodoval","status":"publish","type":"post","link":"https:\/\/areafilm.si\/wordpress\/zaradi-srne-padel-z-motorjem-in-se-poskodoval\/","title":{"rendered":"Zaradi srne padel z motorjem in se po\u0161kodoval"},"content":{"rendered":"<p>KRONIKA &#8211; V ponedeljek malo pred 8. uro zjutraj je 39-letni voznik motornega kolesa na Moretinih pri \u0160kofijah tr\u010dil v srno in padel po vozi\u0161\u010du. Pri tem je utrpel zlom klju\u010dnice in pretres mo\u017eganov.<\/p>\n<p>V no\u010di na torek je bilo vlomljeno v osebni avtomobil v Portoro\u017eu. Storilec je ukradel razli\u010dno delovno orodje.<\/p>\n","protected":false},"excerpt":{"rendered":"<p>KRONIKA &#8211; V ponedeljek malo pred 8. uro zjutraj je 39-letni voznik motornega kolesa na&#8230;<\/p>\n","protected":false},"author":4,"featured_media":800,"comment_status":"open","ping_status":"closed","sticky":false,"template":"","format":"standard","meta":{"footnotes":""},"categories":[7],"tags":[],"class_list":["post-799","post","type-post","status-publish","format-standard","has-post-thumbnail","hentry","category-kronika"],"featured_image_urls":{"full":["https:\/\/areafilm.si\/wordpress\/wp-content\/uploads\/2014\/11\/srnjak.jpg",500,302,false],"thumbnail":["https:\/\/areafilm.si\/wordpress\/wp-content\/uploads\/2014\/11\/srnjak-500x280.jpg",500,280,true],"medium":["https:\/\/areafilm.si\/wordpress\/wp-content\/uploads\/2014\/11\/srnjak.jpg",500,302,false],"medium_large":["https:\/\/areafilm.si\/wordpress\/wp-content\/uploads\/2014\/11\/srnjak.jpg",500,302,false],"large":["https:\/\/areafilm.si\/wordpress\/wp-content\/uploads\/2014\/11\/srnjak.jpg",500,302,false],"1536x1536":["https:\/\/areafilm.si\/wordpress\/wp-content\/uploads\/2014\/11\/srnjak.jpg",500,302,false],"2048x2048":["https:\/\/areafilm.si\/wordpress\/wp-content\/uploads\/2014\/11\/srnjak.jpg",500,302,false],"covernews-featured":["https:\/\/areafilm.si\/wordpress\/wp-content\/uploads\/2014\/11\/srnjak.jpg",500,302,false],"covernews-medium":["https:\/\/areafilm.si\/wordpress\/wp-content\/uploads\/2014\/11\/srnjak.jpg",500,302,false],"woocommerce_thumbnail":["https:\/\/areafilm.si\/wordpress\/wp-content\/uploads\/2014\/11\/srnjak-300x300.jpg",300,300,true],"woocommerce_single":["https:\/\/areafilm.si\/wordpress\/wp-content\/uploads\/2014\/11\/srnjak.jpg",500,302,false],"woocommerce_gallery_thumbnail":["https:\/\/areafilm.si\/wordpress\/wp-content\/uploads\/2014\/11\/srnjak-100x100.jpg",100,100,true]},"author_info":{"info":["Uredni\u0161tvo Primorski Utrip"]},"category_info":"<a href=\"https:\/\/areafilm.si\/wordpress\/category\/kronika\/\" rel=\"category tag\">Kronika<\/a>","tag_info":"Kronika","comment_count":"0","_links":{"self":[{"href":"https:\/\/areafilm.si\/wordpress\/wp-json\/wp\/v2\/posts\/799","targetHints":{"allow":["GET"]}}],"collection":[{"href":"https:\/\/areafilm.si\/wordpress\/wp-json\/wp\/v2\/posts"}],"about":[{"href":"https:\/\/areafilm.si\/wordpress\/wp-json\/wp\/v2\/types\/post"}],"author":[{"embeddable":true,"href":"https:\/\/areafilm.si\/wordpress\/wp-json\/wp\/v2\/users\/4"}],"replies":[{"embeddable":true,"href":"https:\/\/areafilm.si\/wordpress\/wp-json\/wp\/v2\/comments?post=799"}],"version-history":[{"count":1,"href":"https:\/\/areafilm.si\/wordpress\/wp-json\/wp\/v2\/posts\/799\/revisions"}],"predecessor-version":[{"id":801,"href":"https:\/\/areafilm.si\/wordpress\/wp-json\/wp\/v2\/posts\/799\/revisions\/801"}],"wp:featuredmedia":[{"embeddable":true,"href":"https:\/\/areafilm.si\/wordpress\/wp-json\/wp\/v2\/media\/800"}],"wp:attachment":[{"href":"https:\/\/areafilm.si\/wordpress\/wp-json\/wp\/v2\/media?parent=799"}],"wp:term":[{"taxonomy":"category","embeddable":true,"href":"https:\/\/areafilm.si\/wordpress\/wp-json\/wp\/v2\/categories?post=799"},{"taxonomy":"post_tag","embeddable":true,"href":"https:\/\/areafilm.si\/wordpress\/wp-json\/wp\/v2\/tags?post=799"}],"curies":[{"name":"wp","href":"https:\/\/api.w.org\/{rel}","templated":true}]}}