{"id":830,"date":"2014-12-06T15:46:11","date_gmt":"2014-12-06T14:46:11","guid":{"rendered":"http:\/\/slo5.net\/wordpress\/?p=830"},"modified":"2014-12-06T15:46:11","modified_gmt":"2014-12-06T14:46:11","slug":"dogodki-in-prireditve-v-izoli-december-2014","status":"publish","type":"post","link":"https:\/\/areafilm.si\/wordpress\/dogodki-in-prireditve-v-izoli-december-2014\/","title":{"rendered":"Dogodki in prireditve v Izoli &#8211; december 2014"},"content":{"rendered":"<table width=\"744\">\n<tbody>\n<tr>\n<td width=\"84\"><strong>DATUM<\/strong><\/td>\n<td width=\"168\"><strong>KRAJ, URA<\/strong><\/td>\n<td width=\"492\"><strong>PRIREDITEV<\/strong><\/td>\n<\/tr>\n<tr>\n<td width=\"84\">1.12.<\/td>\n<td width=\"168\">Mestna Knji\u017enica Izola, 16:30<\/td>\n<td width=\"492\"><strong>Delavnica za odrasle: Izdelava anti\u010dnega nakita.<\/strong> Delavnica je za udele\u017eence brezpla\u010dna, traja 2,5 uri. Udele\u017eba je omejena na 10 sodelujo\u010dih. Delavnico bo vodila Snje\u017eana Karinja, arheologinja in muzejska svetovalka. Prijave so obvezne in se zbirajo na e-naslovu: <a href=\"mailto:vila.simonovzaliv@zrs.upr.si\">vila.simonovzaliv@zrs.upr.si<\/a><\/p>\n<p><em>Organizator: Mestna Knji\u017enica Izola, Borza znanja Izola, Univerza na Primorskem &#8211; ZRS, In\u0161titut za dedi\u0161\u010dino Sredozemlja<\/em><\/td>\n<\/tr>\n<tr>\n<td width=\"84\">2.12.<\/td>\n<td width=\"168\">Mestna Knji\u017enica Izola,17.00<\/td>\n<td width=\"492\"><strong>Torkova pravlji\u010dna ura. <\/strong>Vsak torek se ob 17. uri v pravlji\u010dni sobi Mestne knji\u017enice Izola \u2212 za vse otroke od dopolnjenega 4. leta starosti \u2212 pri\u010dne potovanje v pravlji\u010dno de\u017eelo.<\/p>\n<p>Otroci naj s seboj prinesejo tudi copatke. Vstopnine ni<strong>.<\/strong><\/p>\n<p><em>Organizator: Mestna Knji\u017enica Izola<\/em><\/td>\n<\/tr>\n<tr>\n<td width=\"84\">3.12.<\/td>\n<td width=\"168\">Son\u010dna dvorana, 18.00<\/td>\n<td width=\"492\"><strong>Ta veseli dan kulture<\/strong>. Predstavile se bodo gojenke \u0161ole Cirque, u\u010denci 1. in 2. triade O\u0160 Livade z razstavo ilustracij na temo Moja najljub\u0161a pravljica.<br \/>\n<em>Organizator: OI JSKD Izola, O\u0160 Livade, Ob\u010dina Izola<\/em><\/td>\n<\/tr>\n<tr>\n<td width=\"84\">3.12.<\/td>\n<td width=\"168\">Mestna Knji\u017enica Izola,19.00<\/td>\n<td width=\"492\"><strong>Mizica pogrni se kulturno. <\/strong>Na Ta veseli dan kulture Mestna knji\u017enica Izola in Borza znanja Izola vabita na u\u010dno uro kulturnega vedenja za mizo &#8211; Mizica pogrni se kulturno. Kako pripravimo pogrinjek za slavnostno ve\u010derjo, kako poteka sprejem gostov, kam in kako jih posedemo, kateri pribor uporabimo, kako nazdravimo, kako se za mizo kulturno pogovarjamo ter \u0161e druge male in velike zna\u010dilnosti slavnostne ve\u010derje bo \u00a0 predstavil Bogdan Orli\u010d. Vstop je prost.<\/p>\n<p><em>Organizator: Mestna Knji\u017enica Izola<\/em><\/td>\n<\/tr>\n<tr>\n<td width=\"84\">4.12.<\/td>\n<td width=\"168\">Mestna Knji\u017enica Izola,19.00<\/td>\n<td width=\"492\"><strong>Pravlji\u010dne poti na vse strani. <\/strong>V okviru 5. primorskega pravlji\u010dnega festivala Mestna knji\u017enica Izola vabi na pravlji\u010dni ve\u010der za odrasle Pravlji\u010dne poti na vse strani z Ireno Cerar. Irena Cerar, pripovedovalka s posluhom za slovensko naravno in kulturno dedi\u0161\u010dino, se bo predstavila v pogovoru s pravlji\u010darko Ivanko U\u010dakar. Vstop je prost.<\/p>\n<p><em>Organizator: Mestna Knji\u017enica Izola<\/em><\/td>\n<\/tr>\n<tr>\n<td width=\"84\">4.12.<\/td>\n<td width=\"168\">Hotel Delfin, 20.00<\/td>\n<td width=\"492\"><strong>Koncert Mo\u0161kega pevskega zbora Jagodje Dobrava.<\/strong><\/p>\n<p><em>Organizator: Hotel Delfin, Mo PZ Jagodje Dobrava, OI, JSKD.zola, Ob\u010dina Izola<\/em><\/td>\n<\/tr>\n<tr>\n<td width=\"84\">5.12.<\/td>\n<td width=\"168\">Mestna Knji\u017enica Izola, 9.00 &#8211; 18.00<\/td>\n<td width=\"492\"><strong>Miklav\u017eev sejem. <\/strong>Mestna knji\u017enica Izola vabi na \u017ee tradicionalni Miklav\u017eev sejem v knji\u017enici. Vabljeni k ogledu in nakupu izdelkov VDC IZOLA (dopoldan), Irene Er\u017een (popoldan), ter drugih ustvarjalcev.<\/p>\n<p><em>Organizator: Mestna Knji\u017enica Izola<\/em><\/td>\n<\/tr>\n<tr>\n<td width=\"84\">5.12.<\/td>\n<td width=\"168\">Manziolijeva pala\u010da, 10.00<\/td>\n<td width=\"492\">\n<ol start=\"5\">\n<li><strong> Primorski pravlji\u010dni festival. <\/strong>Alica v \u010dude\u017eni de\u017eeli: otro\u0161ka predstava v italijanskem jeziku. Ob 17.00 : Predstavitev koledarja O\u0160 Dante Alighieri in pravljice v slovenskem ter italijanskem jeziku.<\/li>\n<\/ol>\n<p><em>Organizator:<\/em><\/td>\n<\/tr>\n<tr>\n<td width=\"84\">5.12.<\/td>\n<td width=\"168\">Park Pietro Coppo, 17.00<\/td>\n<td width=\"492\"><strong><em>Pri\u017egimo lu\u010di.<\/em><\/strong> Tudi letos bo Park Pietro Coppo za\u017earel v pisanih barvah tiso\u010derih novoletnih lu\u010dk. Tradicionalen pri\u017eig bo uvedel nastop Teatra Cizamo z \u017eonglersko-animacijskih programom, ki bo razveselil tako otroke kot odrasle.<\/p>\n<p><em>Organizator: Center za kulturo, \u0161port in prireditve Izola<\/em><\/td>\n<\/tr>\n<tr>\n<td width=\"84\">5.12.<\/td>\n<td width=\"168\">Mestna Knji\u017enica Izola, 19.00<\/td>\n<td width=\"492\"><strong>Zaklju\u010dek projekta Primorci beremo 2014. <\/strong>Gost ve\u010dera bo Marjan Tom\u0161i\u010d<strong>. <\/strong>Ob zaklju\u010dku projekta Primorci beremo 2014 Mestna knji\u017enica Izola vabi na pripovedovalski ve\u010der z gostom Marjanom Tom\u0161i\u010dem. Zgodbe Marjana Tom\u0161i\u010da bosta pripovedovali Patricija Sosi\u010d Kobal in Aljo\u0161a Kri\u017e &#8211; LKD MARI O NET.TE . Ob sklenitvi ve\u010dera bodo vsi, ki so s prebranimi petimi proznimi deli in eno pesni\u0161ko zbirko projekt zaklju\u010dili, prejeli priznanje in knji\u017eno nagrado. Vstop je prost.<\/p>\n<p><em>Organizator: Mestna Knji\u017enica Izola<\/em><\/td>\n<\/tr>\n<tr>\n<td width=\"84\">5.12.<\/td>\n<td width=\"168\">Kulturni dom Izola, 20.00<\/td>\n<td width=\"492\"><strong>Mali priro\u010dnik biznisa &#8211; od pizdeka do tajkuna. <\/strong>Gostovalo bo mestno gledali\u0161\u010de Ptuj z monokomedijo. Vstopnina: 10 \u20ac v predprodaji, 13 \u20ac na dan prireditve.<\/p>\n<p><em>Organizator: Center za kulturo, \u0161port in prireditve Izola<\/em><\/td>\n<\/tr>\n<tr>\n<td width=\"84\">6.12.<\/td>\n<td width=\"168\">Mestna Knji\u017enica Izola, 19.00<\/td>\n<td width=\"492\"><strong>Pravlji\u010dna no\u010d v knji\u017enici.<\/strong> Pravljice v slovenskem in v italijanskem jeziku bodo pripovedovale Katja Dellore, Marina Hrs, Patricija Sosi\u010d Kobal, Aljo\u0161a Kri\u017e in Ksenija Orel.<\/p>\n<p>12 otrok starih od 6 do 9 let bo lahko na Pravlji\u010dno no\u010d v knji\u017enici tudi prespalo. Poskrbljeno bo za obrok hrane zve\u010der in zjutraj. Prijave za no\u010ditev so obvezne in se zbirajo do vklju\u010dno 5. decembra 2014, ob delavnikih med 9. in 15. uro, na tel.\u0161t.: (05) 6631-282. Pravlji\u010dni no\u010di sledi pravlji\u010dno jutro v knji\u017enici. Zaklju\u010dek bo v nedeljo ob 10. uri dopoldne. Dogodek je za udele\u017eence brezpla\u010den.<\/p>\n<p><em>Organizator: Mestna Knji\u017enica Izola<\/em><\/td>\n<\/tr>\n<tr>\n<td width=\"84\">6.12.<\/td>\n<td width=\"168\">Kulturni dom Izola, 20.00<\/td>\n<td width=\"492\"><strong>Koncert \u017diga Rustja: Z moje perspektive. <\/strong>Vstop je prost.<\/p>\n<p><em>Organizator: Center za kulturo, \u0161port in prireditve Izola<\/em><\/td>\n<\/tr>\n<tr>\n<td width=\"84\">9.12.<\/td>\n<td width=\"168\">Mestna Knji\u017enica Izola, 18.00<\/td>\n<td width=\"492\"><strong>Pravlji\u010dno popoldne v knji\u017enici. <\/strong><\/p>\n<p>Ob 18.00 bosta Patricija Sosi\u010d Kobal in Aljo\u0161a Kri\u017e uprizorili animirano pripoved Kruhek je \u0161el po svetu.<\/p>\n<p>Ob 19.00 predstavitev pravljice <em>Kruhek je \u0161el po svetu<\/em> in pogovor z avtorico knjige Tatjano Jamnik Pocajt. Pogovor z avtorico bo vodila Patricija Sosi\u010d Kobal. Vstopnine ni.<\/p>\n<p><em>Organizator: Mestna Knji\u017enica Izola<\/em><\/td>\n<\/tr>\n<tr>\n<td width=\"84\">9.12.<\/td>\n<td width=\"168\">Manziolijeva pala\u010da, 19.00<\/td>\n<td width=\"492\"><strong>Predstavitev koledarja In arte e poesia 2015. <\/strong>Umetnike in pesnike bo predstavil kritik Enzo Santese. Prisotnim bo podarjen izvod koledarja.<\/p>\n<p>Organizator: <em>Comunita&#8217; Autogestita della Nazionalita&#8217; Italiana di Isola.<\/em><\/td>\n<\/tr>\n<tr>\n<td width=\"84\">10.12.<\/td>\n<td width=\"168\">Vrtec Mavrica, 10.00<\/td>\n<td width=\"492\">\n<ol start=\"5\">\n<li><strong> Primorski pravlji\u010dni festival. <\/strong>Animirana pripoved Kruhek gre po svetu.<\/li>\n<\/ol>\n<p><em>Organizator: MKI Izola, Comunita\u2019 autogestiva della nazionalita\u2019 italiana di Isola, Jskd, Ob\u010dina Izola, Center za kulturo, \u0161port in prireditve.<\/em><\/td>\n<\/tr>\n<tr>\n<td width=\"84\">10.12.<\/td>\n<td width=\"168\">Mestna Knji\u017enica Izola, 19.00<\/td>\n<td width=\"492\"><strong>Uspe\u0161no u\u010denje z metodo Brainobrain. <\/strong>vabita na delavnici in predavanje: \u00bbInovativni metodi u\u010denja: V predavanju bo pojasnjeno, kako se la\u017eje in hitreje u\u010diti na zabaven na\u010din s konkretno u\u010dno snovjo.<\/p>\n<p>PROGRAM BRAINOBRAIN razvija \u017eivljenjske ve\u0161\u010dine s pomo\u010djo abakusa in NLP tehnik. Pri otrocih razvija intelekt in osebnost, izbolj\u0161a koncentracijo in olaj\u0161a u\u010denje. Razvija vizualizacijo, to\u010dnost, hitrost, voditeljske sposobnosti, spomin, ve\u010dopravilnost, samozavest, sprejemanje odlo\u010ditev. Predavale bodo Mojca Stojkovi\u010d, Suzana Husi\u010d in Nata\u0161a \u0160krinjar. Vstop je prost.<\/p>\n<p><em>Organizator: Mestna Knji\u017enica Izola, Borza znanja Izola v sodelovanju s Centrom za la\u017eje u\u010denje in \u017eivljenje.<\/em><\/td>\n<\/tr>\n<tr>\n<td width=\"84\">11.12.<\/td>\n<td width=\"168\">Vrtec Aquilone, 10.00<\/td>\n<td width=\"492\">\n<ol start=\"5\">\n<li><strong> Primorski pravlji\u010dni festival. <\/strong>Animirana pripoved Kruhek gre po svetu.<\/li>\n<\/ol>\n<p><em>Organizator: MKI Izola, Comunita\u2019 autogestiva della nazionalita\u2019 italiana di Isola, Jskd, Ob\u010dina Izola, Center za kulturo, \u0161port in prireditve<\/em><\/td>\n<\/tr>\n<tr>\n<td width=\"84\">12.12.<\/td>\n<td width=\"168\">Vrtec Mavrica, 10.00<\/td>\n<td width=\"492\">\n<ol start=\"5\">\n<li><strong> Primorski pravlji\u010dni festival. <\/strong>Lutkovna predstava Muca Copatarica za najmlaj\u0161e.<\/li>\n<\/ol>\n<p><em>Organizator: MKI Izola, Comunita\u2019 autogestiva della nazionalita\u2019 italiana di Isola, Jskd, Ob\u010dina Izola, Center za kulturo, \u0161port in prireditve<\/em><\/td>\n<\/tr>\n<tr>\n<td width=\"84\">12.12.<\/td>\n<td width=\"168\">PRIMSS, 15.00 &#8211; 18.00<\/td>\n<td width=\"492\"><strong>Pri<\/strong><strong>\u010d<\/strong><strong>etek osnovnega usposabljanja za mediatorje. <\/strong>PRIMSS v mesecu decembru pri\u010denja z novim ciklom 64- in 140-urnega usposabljanja za mediatorje. Prijave zbirajo do 10.12.2014.\u00a0Ve\u010d o usposabljanju je najti na <a href=\"http:\/\/www.primss.si\/\">www.primss.si<\/a>.<\/p>\n<p>Usposabljanje bo vodil Mi\u0161o Pu\u0161nik, mediator pri Zavodu RAKMO<\/p>\n<p><em>Organizator: Primorsko svetovalno sredi\u0161<\/em><em>\u010d<\/em><em>e, PRIMSS<\/em><\/td>\n<\/tr>\n<tr>\n<td width=\"84\">12.12.<\/td>\n<td width=\"168\">Kulturni dom, 18.00<\/td>\n<td width=\"492\"><strong>Bo\u017ei\u010dek prihaja<\/strong>. Nastopili bodo najmlaj\u0161i pevci, mladi pevci in plesne skupine Italijanske skupnosti \u00bbPasquale Besenghi degli Ughi\u00ab ter otroci O\u0160 Dante Alighieri in vrtca L&#8217;Aquilone.<\/p>\n<p>&nbsp;<\/td>\n<\/tr>\n<tr>\n<td width=\"84\">12.12.<\/td>\n<td width=\"168\">Kulturni dom, 20.00<\/td>\n<td width=\"492\">\n<ol start=\"5\">\n<li><strong> Primorski pravlji\u010dni festival. <\/strong>Pripovedovalski ve\u010der ljudskih zgodb z vseh koncev sveta (za odrasle).<\/li>\n<\/ol>\n<\/td>\n<\/tr>\n<tr>\n<td width=\"84\">12.12.<\/td>\n<td width=\"168\">Mestna Knji\u017enica Izola, 19.00<\/td>\n<td width=\"492\"><strong>Radostno bivanje z jogo in ajurvedo. <\/strong>Predaval bo Amadio Bianchi, docent joge, hindujske filozofije in ajurvede. Rojen je\u00a0 v majhni planinski vasici\u00a0 v Italiji, tik ob \u0161vicarski meji. Danes \u017eivi in dela v Milanu, predava po Evropi in Ameriki, sodeluje\u00a0 z revijami, \u010dasopisi in zalo\u017eniki, v zadnjih nekaj letih pa predvsem pi\u0161e. Izdal\u00a0 je ve\u010d knjig, ki jih bo na predavanju tudi predstavil, na temo radosti bivanja, ajurvede in joga terapije. Predavanje bo v italijanskem jeziku. Vstop je prost.<\/p>\n<p><em>Organizator: Mestna knji\u017enica Izola in Borza znanja Izola<\/em><\/td>\n<\/tr>\n<tr>\n<td width=\"84\">13.12.<\/td>\n<td width=\"168\">Mestna Knji\u017enica Izola, 09.00<\/td>\n<td width=\"492\"><strong>Angel\u010dki v pergamentni tehniki, ustvarjalna delavnica za odrasle. <\/strong>Pergamentna tehnika je ustvarjalna tehnika iz pergamentnega (paus) papirja. Na tokratni ustvarjalnici bomo izdelali angel\u010dke. Delavnico bo vodila Nadja \u0160\u010dek. Delavnica bo trajala bo pribli\u017eno 3 ure in je za udele\u017eence brezpla\u010dna. Udele\u017eba je omejena na 10 sodelujo\u010dih. Prijavite se lahko osebno v pisarni Borze znanja Izola v Mestni knji\u017enici Izola ali na tel.\u0161t.: (05) 66-31-282.<\/p>\n<p><em>Organizator: Mestna knji\u017enica Izola in Borza znanja Izola<\/em><\/td>\n<\/tr>\n<tr>\n<td width=\"84\">13.12.<\/td>\n<td width=\"168\">Kulturni dom, 17.00<\/td>\n<td width=\"492\">\n<ol start=\"5\">\n<li><strong> Primorski pravlji\u010dni festival &#8211; Lutkovna predstava Ribi\u010d in njegova h\u010derka.<\/strong><\/li>\n<\/ol>\n<p><em>Soorganizator: MKI, CAN Isola, OI JSKD Izola, CK\u0160P, LKD, Mari o net.te, Ob\u010dina Izola.<\/em><\/td>\n<\/tr>\n<tr>\n<td width=\"84\">13.12.<\/td>\n<td width=\"168\">Kulturni dom, 19.30<\/td>\n<td width=\"492\"><strong>Novoletni koncert MoPZ Izola z gosti: MePZ HAliaetum in \u017dePZ Korte.<\/strong><\/p>\n<p>Soorganizator: MoPZ Izola, CK\u0160P, OI JSKD Izola, Ob\u010dina Izola.<\/td>\n<\/tr>\n<tr>\n<td width=\"84\">13.12.<\/td>\n<td width=\"168\">Hotel Delfin, 19.30.<\/td>\n<td width=\"492\"><strong>Koncert Mo\u0161kega pevskega zbora Jagodje Dobrava.<\/strong><\/p>\n<p><em>Organizator: Hotel Delfin, Mo PZ Jagodje Dobrava, OI JSKD.zola, Ob\u010dina Izola.<\/em><\/td>\n<\/tr>\n<tr>\n<td width=\"84\">14.12.<\/td>\n<td width=\"168\">Kulturni dom, 18.00<\/td>\n<td width=\"492\"><strong>Koncert: Complesso Bandistico Triestinissima, vodi: Ernesto Beacovich.<\/strong><\/p>\n<p><em>Organizator: CI DA Izola<\/em><\/td>\n<\/tr>\n<tr>\n<td width=\"84\">16.12.<\/td>\n<td width=\"168\">Mestna Knji\u017enica Izola, 17.00<\/td>\n<td width=\"492\"><strong>Pogumni tiger <em>Mada<\/em>, Skrivnost raka <em>Roka.<\/em> <\/strong>Mestna knji\u017enica Izola vabi otroke od \u010detrtega (4) leta dalje na \u010disto posebno uro pravljic. Osnovno\u0161olka ALIA KOZLOVI\u010c BAN, u\u010denka 3. razreda O\u0160 Lucija \u2013 podru\u017enica Strunjan, bo pripovedovala pravljici, ki jih je sama napisala in ilustrirala: POGUMNI TIGER <em>MADA<\/em> in SKRIVNOST RAKA <em>ROKA<\/em>. Vstopnine ni. S seboj prinesite copatke!<\/p>\n<p><em>Organizator: Mestna knji\u017enica Izola<\/em><\/td>\n<\/tr>\n<tr>\n<td width=\"84\">16.12.<\/td>\n<td width=\"168\">Kulturni dom Izola, 18.00<\/td>\n<td width=\"492\"><strong>Nastop u<\/strong><strong>\u010dencev trobil glasbene \u0161ole Koper, podru\u017enice Piran in Izola. <\/strong>Brezpla\u010dne vstopnice\u00a0lahko prevzamete\u00a0v Galeriji Alga, Art kinu Odeon Izola in uro pred prireditvijo v Kulturnem domu Izola.<\/p>\n<p>&nbsp;<\/td>\n<\/tr>\n<tr>\n<td width=\"84\">16.12.<\/td>\n<td width=\"168\">Mestna Knji\u017enica Izola, 19.00<\/td>\n<td width=\"492\"><strong>Sre\u010danje obalnih fotografov. <\/strong>Fotografi ste povabljeni, da predstavite svoja dela \u2013 tema je poljubna, a naj bo v okviru domoznanske fotografije. Ker smo \u010dasovno omejeni, prosimo, da se za\u00a0\u00a0 projekcijo svojih fotografij prijavite vsaj do 10. decembra na naslov: <a href=\"mailto:spela.pahor@guest.arnes.si\">spela.pahor@guest.arnes.si<\/a>. Ta ve\u010der bomo predstavili prvih sedem prijavljenih.<\/p>\n<p><em>Organizator: Mestna knji\u017enica Izola in \u0160tudijski kro\u017eek Jara ka\u010da<\/em><\/td>\n<\/tr>\n<tr>\n<td width=\"84\">17.12.<\/td>\n<td width=\"168\">Mestna Knji\u017enica Izola, 19.00<\/td>\n<td width=\"492\"><strong>\u0160tudijski kro\u017eek: Kako \u017eivim ta trenutek. <\/strong>Resni\u010dna radost, sre\u010da, zadovoljstvo izhajajo iz ljubezni do sebe, ko gremo vase, ko sledimo svojemu srcu in delamo to, kar nam prina\u0161a radost. Sre\u010danje bo vodil Jo\u0161ko Cesar.<\/p>\n<p><em>Organizator: Mestna knji\u017enica Izola<\/em><\/td>\n<\/tr>\n<tr>\n<td width=\"84\">18.12.<\/td>\n<td width=\"168\">Mestna Knji\u017enica Izola, 19.00<\/td>\n<td width=\"492\"><strong>Vera vase, predstavitev knjige Alenke Rebula in Josipe Prebeg. <\/strong>\u010casi, v katerih \u017eivimo, prina\u0161ajo \u0161tevilne preizku\u0161nje za na\u0161 ob\u010dutek lastne vrednosti. Na podlagi \u010desa ocenjujemo, koliko smo pravzaprav vredni? So pomembni partnerski odnosi, na\u0161a zaposlitev, zunanji izgled? Vse, kar se v \u010dloveku dogaja, ima razlog, za svoj obstoj in nas dela celostne. Trud posameznika, da bi bil bolj\u0161i, kakor je, ni ustrezen. \u010clovek s tem namre\u010d vstopa v polje prisile in la\u017ei, ki pa prej ko slej privrejo na dan. Knjiga ponuja veliko dragocenih razlag o novih mo\u017enostih za\u00a0 bogatej\u0161e \u017eivljenje, pri\u010devanje in vaje.<\/p>\n<p><em>Organizator: Mestna knji\u017enica Izola<\/em><\/td>\n<\/tr>\n<tr>\n<td width=\"84\">18.12.<\/td>\n<td width=\"168\">Kulturni dom Izola, 20.00<\/td>\n<td width=\"492\"><strong>Koncert. <\/strong>Insingizi Gospel trio.<\/p>\n<p><em>Organizator: Center za kulturo, \u0161port in prireditve<\/em><\/td>\n<\/tr>\n<tr>\n<td width=\"84\">20.12.<\/td>\n<td width=\"168\">Dvorana Livade, 19.00<\/td>\n<td width=\"492\"><strong>Koncert Pihalnega Orkestra Izola ob Dnevu dr\u017eavnosti in enotnosti.<\/strong><\/p>\n<p><em>Organizator: Ob\u010dina Izola, CK\u0160P Izola,PO Izola, OI JSKD Izola<\/em><\/td>\n<\/tr>\n<tr>\n<td width=\"84\">21.12. &#8211; 1.1.2015<\/td>\n<td width=\"168\">Park Pietro Coppo<\/td>\n<td width=\"492\"><strong>Veseli december v Izoli.<\/strong><\/p>\n<p><em>Organizator: Center za kulturo, \u0161port in prireditve<\/em><\/td>\n<\/tr>\n<tr>\n<td width=\"84\">22.12.<\/td>\n<td width=\"168\">Restavracija Srednje \u0161ole Izola, 17.00<\/td>\n<td width=\"492\"><strong>Prednovoletni koncert \u017dePZ Sinji galeb DU Izola in MePZ Pobegi ter nastop Dramske skupine \u0160kofije.<\/strong><\/p>\n<p><em>Organizator: DU Izola, Ob\u010dina Izola<\/em><\/td>\n<\/tr>\n<tr>\n<td width=\"84\">23.12<\/td>\n<td width=\"168\">&nbsp;<\/p>\n<p>Kulturni dom, 17.00<\/td>\n<td width=\"492\"><strong>Premiera gledali\u0161ke predstave za otroke Pal\u010dki Dedka Mraza v izvedbi Gledali\u0161\u010da STEPS in Plesnega studia Lai<\/strong><\/p>\n<p><em>Organizator : KUD, Gledali\u0161\u010de Steps, PS Lai, OI JSKD Izola, CK\u0160P Izola, Ob\u010dina Izola<\/em><\/td>\n<\/tr>\n<tr>\n<td width=\"84\">23.12.<\/td>\n<td width=\"168\">Manziolijeva pala\u010da, 19.00<\/td>\n<td width=\"492\"><strong>Bo\u017ei\u010dni koncert &#8211; Melekalikimaka.. <\/strong>nastopajo\u010di Enzo hrovatin, Aleksander Mara\u017e, Manica Smrdel, Martina Feri, Matej Bari\u010d, Jan Baruca.<\/p>\n<p><em>Organizator: Comunit\u00e0 degli italiani \u201cPasquale Besenghi degli Ughi\u201d Isola<\/em><\/td>\n<\/tr>\n<tr>\n<td width=\"84\">26.12.<\/td>\n<td width=\"168\">Zadru\u017eni dom Korte, 19.00<\/td>\n<td width=\"492\"><strong>Bo\u017ei<\/strong><strong>\u010d<\/strong><strong>no novoletni koncert Kvarteta 7 Plus. <\/strong><\/p>\n<p><em>Organizator: TD \u0160parzin Korte in KS Korte.<\/em><\/td>\n<\/tr>\n<\/tbody>\n<\/table>\n<p><em>Informacije, rezervacije in prodaja vstopnic: Galerija Alga Izola, Kristanov trg 3, pon 10.00 \u2013 12.00, tor \u2013 pet 10.00 \u2013 12.00 + 17.00 &#8211; 19.00, sobota 10.00 \u2013 12.00, ponedeljek in nedelja zaprto, tel: 05 641 84 39 ter Art kino Odeon, Ul. Prekomorskih brigad 4, vsak dan od 18.00 \u2013 20.30, <\/em><a href=\"mailto:info@odeon.si\"><em>info@odeon.si<\/em><\/a><\/p>\n<p><em>Knji\u017enica v Manziolijevi pala\u010di: pon, tor, \u010det: 10.00 \u2013 13.00, sre, pet: 16.00 \u2013 19.00, \u010ditalnica: pon \u2013 pet: 17.00 \u2013 20.00<\/em><\/p>\n<p><em>Mestna knji\u017enica Izola: ponedeljek \u2013 petek: 9.00 \u2013 18.30, sobota 8.00 \u2013 13.00, nedelja zaprto<\/em><\/p>\n<p><strong>\u00a0<\/strong><\/p>\n<p><strong>\u00a0<\/strong><\/p>\n<p><strong>Umetni\u0161ke razstave<\/strong><\/p>\n<table width=\"744\">\n<tbody>\n<tr>\n<td width=\"84\"><strong>DATUM<\/strong><\/td>\n<td width=\"144\"><strong>KRAJ, URA<\/strong><\/td>\n<td width=\"516\"><strong>RAZSTAVA<\/strong><\/td>\n<\/tr>\n<tr>\n<td width=\"84\">27.11. &#8211; 17.12.<\/td>\n<td width=\"144\">Galerija Insula, 18.00<\/td>\n<td width=\"516\"><strong>Tone Kralj v Izoli. <\/strong><\/p>\n<p><em>Organizator: Galerija Insula, Ob\u010dina Izola, Mestna ob\u010dina Koper, Ob\u010dina Piran.<\/em><\/td>\n<\/tr>\n<tr>\n<td width=\"84\">1.12.-31.12<\/td>\n<td width=\"144\">Mestna knji\u017enica Izola<\/td>\n<td width=\"516\"><strong>Vitrina ustvarjalnosti v Oktobru. Ro\u010dna dela Irena Er\u017een, Nadje \u0160\u010dek in Mojce Jerman.<\/strong>V decembru bodo v Vitrini ustvarjalnosti v Mestni knji\u017enici Izola na ogled ro\u010dni izdelki treh ustvarjalk: Irene Er\u017een, Nadje \u0160\u010dek in Mojce Jerman<strong>. <\/strong>Vabljeni k ogledu razstave vsak dan od ponedeljka do petka med 9. in 18. uro ter ob sobotah od 8. do 13. ure.<\/p>\n<p><em>Organizator: Mestna Knji\u017enica Izola<\/em><\/td>\n<\/tr>\n<tr>\n<td width=\"84\">1.12. &#8211; 31.12.<\/td>\n<td width=\"144\">Mestna knji\u017enica Izola<\/td>\n<td width=\"516\"><strong>STENA USTVARJALNOSTI V DECEMBRU. Fotografska razstava<\/strong> <strong>\u00bbUjeti morski motivi\u00ab<\/strong><\/p>\n<p>V decembru je na Steni ustvarjalnosti v Mestni knji\u017enici Izola na ogled fotografska razstava Vlada Berneti\u010da \u00bbUjeti morski motivi\u00ab.<\/p>\n<p>Vabljeni k ogledu vsak dan od ponedeljka do petka med 9. in 18. uro ter ob sobotah od 8. do 13. ure.<\/p>\n<p><em>Organizator: Mestna Knji\u017enica Izola<\/em><\/td>\n<\/tr>\n<tr>\n<td width=\"84\">3.12.<\/td>\n<td width=\"144\">Galerija Alga, 19.00<\/td>\n<td width=\"516\"><strong>Otvoritev razstave Eulalia de Vegasa Massana: Dno zgodovine. Vstopnine ni.<\/strong><\/p>\n<p><em>Organizator: Center za kulturo, \u0161port in prireditve Izola<\/em><\/td>\n<\/tr>\n<tr>\n<td width=\"84\">3.12. &#8211; 7.12.<\/td>\n<td width=\"144\">Son\u010dna dvorana<\/td>\n<td width=\"516\"><strong>Razstava Ilustracij Moja najljub\u0161a pravljica. <\/strong>Razstava bo na ogled v \u010detrtek, petek, in v nedeljo od 16.00 &#8211; 18.00 in v soboto od 10.00 &#8211; 12.00.<br \/>\n<em>Organizator: OI JSKD Izola, O\u0160 Livade, Ob\u010dina Izola<\/em><\/td>\n<\/tr>\n<tr>\n<td width=\"84\">18.12.<\/td>\n<td width=\"144\">Son\u010dna dvorana, 19.00<\/td>\n<td width=\"516\"><strong>Kulturni dogodek: Otvoritev razstave Bo\u017eenke Knez in nastop: Vokalna skupina Tamariska, Aleksander Novak in Lea Sirk. <\/strong>Razstava bo na ogled do 28.12. v \u010detrtek, petek in v<br \/>\nnedeljo od 16.00 &#8211; 18.00, v soboto od 10.00 -12.00 .<\/p>\n<p><em>Organizator: OI JSKD Izola, Ob\u010dina Izola<\/em><\/td>\n<\/tr>\n<\/tbody>\n<\/table>\n","protected":false},"excerpt":{"rendered":"<p>DATUM KRAJ, URA PRIREDITEV 1.12. Mestna Knji\u017enica Izola, 16:30 Delavnica za odrasle: Izdelava anti\u010dnega nakita&#8230;.<\/p>\n","protected":false},"author":4,"featured_media":546,"comment_status":"open","ping_status":"closed","sticky":false,"template":"","format":"standard","meta":{"footnotes":""},"categories":[8],"tags":[],"class_list":["post-830","post","type-post","status-publish","format-standard","has-post-thumbnail","hentry","category-prirditve"],"featured_image_urls":{"full":["https:\/\/areafilm.si\/wordpress\/wp-content\/uploads\/2014\/09\/izola_panorama.jpg",600,298,false],"thumbnail":["https:\/\/areafilm.si\/wordpress\/wp-content\/uploads\/2014\/09\/izola_panorama-500x280.jpg",500,280,true],"medium":["https:\/\/areafilm.si\/wordpress\/wp-content\/uploads\/2014\/09\/izola_panorama-600x298.jpg",600,298,true],"medium_large":["https:\/\/areafilm.si\/wordpress\/wp-content\/uploads\/2014\/09\/izola_panorama.jpg",600,298,false],"large":["https:\/\/areafilm.si\/wordpress\/wp-content\/uploads\/2014\/09\/izola_panorama.jpg",600,298,false],"1536x1536":["https:\/\/areafilm.si\/wordpress\/wp-content\/uploads\/2014\/09\/izola_panorama.jpg",600,298,false],"2048x2048":["https:\/\/areafilm.si\/wordpress\/wp-content\/uploads\/2014\/09\/izola_panorama.jpg",600,298,false],"covernews-featured":["https:\/\/areafilm.si\/wordpress\/wp-content\/uploads\/2014\/09\/izola_panorama.jpg",600,298,false],"covernews-medium":["https:\/\/areafilm.si\/wordpress\/wp-content\/uploads\/2014\/09\/izola_panorama.jpg",540,268,false],"woocommerce_thumbnail":["https:\/\/areafilm.si\/wordpress\/wp-content\/uploads\/2014\/09\/izola_panorama-300x298.jpg",300,298,true],"woocommerce_single":["https:\/\/areafilm.si\/wordpress\/wp-content\/uploads\/2014\/09\/izola_panorama.jpg",600,298,false],"woocommerce_gallery_thumbnail":["https:\/\/areafilm.si\/wordpress\/wp-content\/uploads\/2014\/09\/izola_panorama-100x100.jpg",100,100,true]},"author_info":{"info":["Uredni\u0161tvo Primorski Utrip"]},"category_info":"<a href=\"https:\/\/areafilm.si\/wordpress\/category\/prirditve\/\" rel=\"category tag\">Prireditve<\/a>","tag_info":"Prireditve","comment_count":"0","_links":{"self":[{"href":"https:\/\/areafilm.si\/wordpress\/wp-json\/wp\/v2\/posts\/830","targetHints":{"allow":["GET"]}}],"collection":[{"href":"https:\/\/areafilm.si\/wordpress\/wp-json\/wp\/v2\/posts"}],"about":[{"href":"https:\/\/areafilm.si\/wordpress\/wp-json\/wp\/v2\/types\/post"}],"author":[{"embeddable":true,"href":"https:\/\/areafilm.si\/wordpress\/wp-json\/wp\/v2\/users\/4"}],"replies":[{"embeddable":true,"href":"https:\/\/areafilm.si\/wordpress\/wp-json\/wp\/v2\/comments?post=830"}],"version-history":[{"count":1,"href":"https:\/\/areafilm.si\/wordpress\/wp-json\/wp\/v2\/posts\/830\/revisions"}],"predecessor-version":[{"id":831,"href":"https:\/\/areafilm.si\/wordpress\/wp-json\/wp\/v2\/posts\/830\/revisions\/831"}],"wp:featuredmedia":[{"embeddable":true,"href":"https:\/\/areafilm.si\/wordpress\/wp-json\/wp\/v2\/media\/546"}],"wp:attachment":[{"href":"https:\/\/areafilm.si\/wordpress\/wp-json\/wp\/v2\/media?parent=830"}],"wp:term":[{"taxonomy":"category","embeddable":true,"href":"https:\/\/areafilm.si\/wordpress\/wp-json\/wp\/v2\/categories?post=830"},{"taxonomy":"post_tag","embeddable":true,"href":"https:\/\/areafilm.si\/wordpress\/wp-json\/wp\/v2\/tags?post=830"}],"curies":[{"name":"wp","href":"https:\/\/api.w.org\/{rel}","templated":true}]}}