{"id":887,"date":"2014-12-31T10:11:11","date_gmt":"2014-12-31T09:11:11","guid":{"rendered":"http:\/\/slo5.net\/wordpress\/?p=887"},"modified":"2014-12-31T10:17:01","modified_gmt":"2014-12-31T09:17:01","slug":"se-en-zbit-pesec-na-prehodu-za-pesce","status":"publish","type":"post","link":"https:\/\/areafilm.si\/wordpress\/se-en-zbit-pesec-na-prehodu-za-pesce\/","title":{"rendered":"\u0160e en zbit pe\u0161ec, tokrat na prehodu za pe\u0161ce"},"content":{"rendered":"<p>KRONIKA &#8211; V torek ob 14.18 je pri\u0161lo do prometne nesre\u010de na Dolinski ulici v Kopru. 38-letni voznik osebnega avtomobila je na prehodu za pe\u0161ce z vozilom oplazil 58-letno pe\u0161ko, ki je padla in se po\u0161kodovala. Odpeljali so jo v bolni\u0161nico Izola. Povzro\u010ditelju sledi pla\u010dilni nalog.<\/p>\n<p>Ob 21.48 je 30-letni Portoro\u017ean vozil osebni avto z neprilagojeno hitrostjo. Pri izvozu s hitre ceste za Semedelo je izgubil oblast nad vozilom, se ve\u010dkrat prevrnil in obstal na strehi na zelenici med izvozom in uvozom s hitre ceste. Prehospitalna enota ga je na kraju oskrbela in odpeljala v bolni\u0161nico Izola v nadaljnjo zdravni\u0161ko oskrbo (la\u017eje po\u0161kodbe). Opravljen preizkus alkoholiziranosti mu je pokazal 1.11 mg\/l. Zaradi nestrinjanja z rezultatom preizkusa mu je bil odrejen \u0161e strokovni pregled. Zaradi kr\u0161itve dolo\u010dil zakona mu sledi enotni obdol\u017eilni predlog.<\/p>\n<p>Ob 15.24 so policisti dobili obvestilo o vinjenem vozniku. Ustavili so ga v Kopru. Preizkus alkoholiziranosti mu je pokazal 0,80 mg\/l. Vozniku je bila prepovedana nadaljnja vo\u017enja, sledi mu enotni obdol\u017eilni predlog zaradi kr\u0161itve 105\/4\/5 ZprCP in kr\u0161itve dolo\u010dil 16. \u010dlena ZPrCP.<\/p>\n<p>Ob 18. uri je v Kopru neznan mo\u0161ki 66-letni doma\u010dinki na poti iz trgovine iztrgal iz roke manj\u0161o \u017eensko torbico, v kateri je imela nekaj gotovine, dokumente in klju\u010de. Pri tem je padla in se udarila.<\/p>\n","protected":false},"excerpt":{"rendered":"<p>KRONIKA &#8211; V torek ob 14.18 je pri\u0161lo do prometne nesre\u010de na Dolinski ulici v&#8230;<\/p>\n","protected":false},"author":4,"featured_media":490,"comment_status":"open","ping_status":"closed","sticky":false,"template":"","format":"standard","meta":{"footnotes":""},"categories":[7],"tags":[],"class_list":["post-887","post","type-post","status-publish","format-standard","has-post-thumbnail","hentry","category-kronika"],"featured_image_urls":{"full":["https:\/\/areafilm.si\/wordpress\/wp-content\/uploads\/2014\/09\/Resevalno_vozilo1.jpg",1600,1200,false],"thumbnail":["https:\/\/areafilm.si\/wordpress\/wp-content\/uploads\/2014\/09\/Resevalno_vozilo1-500x280.jpg",500,280,true],"medium":["https:\/\/areafilm.si\/wordpress\/wp-content\/uploads\/2014\/09\/Resevalno_vozilo1-600x365.jpg",600,365,true],"medium_large":["https:\/\/areafilm.si\/wordpress\/wp-content\/uploads\/2014\/09\/Resevalno_vozilo1-768x576.jpg",640,480,true],"large":["https:\/\/areafilm.si\/wordpress\/wp-content\/uploads\/2014\/09\/Resevalno_vozilo1-840x480.jpg",640,366,true],"1536x1536":["https:\/\/areafilm.si\/wordpress\/wp-content\/uploads\/2014\/09\/Resevalno_vozilo1.jpg",1536,1152,false],"2048x2048":["https:\/\/areafilm.si\/wordpress\/wp-content\/uploads\/2014\/09\/Resevalno_vozilo1.jpg",1600,1200,false],"covernews-featured":["https:\/\/areafilm.si\/wordpress\/wp-content\/uploads\/2014\/09\/Resevalno_vozilo1.jpg",1024,768,false],"covernews-medium":["https:\/\/areafilm.si\/wordpress\/wp-content\/uploads\/2014\/09\/Resevalno_vozilo1.jpg",453,340,false],"woocommerce_thumbnail":["https:\/\/areafilm.si\/wordpress\/wp-content\/uploads\/2014\/09\/Resevalno_vozilo1-300x300.jpg",300,300,true],"woocommerce_single":["https:\/\/areafilm.si\/wordpress\/wp-content\/uploads\/2014\/09\/Resevalno_vozilo1-600x450.jpg",600,450,true],"woocommerce_gallery_thumbnail":["https:\/\/areafilm.si\/wordpress\/wp-content\/uploads\/2014\/09\/Resevalno_vozilo1-100x100.jpg",100,100,true]},"author_info":{"info":["Uredni\u0161tvo Primorski Utrip"]},"category_info":"<a href=\"https:\/\/areafilm.si\/wordpress\/category\/kronika\/\" rel=\"category tag\">Kronika<\/a>","tag_info":"Kronika","comment_count":"0","_links":{"self":[{"href":"https:\/\/areafilm.si\/wordpress\/wp-json\/wp\/v2\/posts\/887","targetHints":{"allow":["GET"]}}],"collection":[{"href":"https:\/\/areafilm.si\/wordpress\/wp-json\/wp\/v2\/posts"}],"about":[{"href":"https:\/\/areafilm.si\/wordpress\/wp-json\/wp\/v2\/types\/post"}],"author":[{"embeddable":true,"href":"https:\/\/areafilm.si\/wordpress\/wp-json\/wp\/v2\/users\/4"}],"replies":[{"embeddable":true,"href":"https:\/\/areafilm.si\/wordpress\/wp-json\/wp\/v2\/comments?post=887"}],"version-history":[{"count":2,"href":"https:\/\/areafilm.si\/wordpress\/wp-json\/wp\/v2\/posts\/887\/revisions"}],"predecessor-version":[{"id":889,"href":"https:\/\/areafilm.si\/wordpress\/wp-json\/wp\/v2\/posts\/887\/revisions\/889"}],"wp:featuredmedia":[{"embeddable":true,"href":"https:\/\/areafilm.si\/wordpress\/wp-json\/wp\/v2\/media\/490"}],"wp:attachment":[{"href":"https:\/\/areafilm.si\/wordpress\/wp-json\/wp\/v2\/media?parent=887"}],"wp:term":[{"taxonomy":"category","embeddable":true,"href":"https:\/\/areafilm.si\/wordpress\/wp-json\/wp\/v2\/categories?post=887"},{"taxonomy":"post_tag","embeddable":true,"href":"https:\/\/areafilm.si\/wordpress\/wp-json\/wp\/v2\/tags?post=887"}],"curies":[{"name":"wp","href":"https:\/\/api.w.org\/{rel}","templated":true}]}}