{"id":890,"date":"2015-01-02T11:38:58","date_gmt":"2015-01-02T10:38:58","guid":{"rendered":"http:\/\/slo5.net\/wordpress\/?p=890"},"modified":"2015-01-02T11:42:05","modified_gmt":"2015-01-02T10:42:05","slug":"huje-poskodovana-oseba-v-celnem-trcenju","status":"publish","type":"post","link":"https:\/\/areafilm.si\/wordpress\/huje-poskodovana-oseba-v-celnem-trcenju\/","title":{"rendered":"Huje po\u0161kodovana oseba v \u010delnem tr\u010denju"},"content":{"rendered":"<p>KRONIKA &#8211; V \u010detrtek ob 13.15 se je na cesti \u0160marje &#8211; Se\u017eana zgodila prometna nesre\u010da. Povzro\u010dila so je 67-letna voznica osebnega avtomobila iz \u0160marij pri Se\u017eani, ki je vozila iz smeri \u0160marij proti Se\u017eani in zaradi nepravilne strani vo\u017enje v levem ovinku zapeljala na nasprotni pas. Tu je \u010delno tr\u010dila v nasproti voze\u010di osebni avto, katerega je pravilno peljal 41-letni Kopr\u010dan. Povzro\u010diteljica se je v nesre\u010di huje po\u0161kodovala, odpeljali so jo v izolsko bolni\u0161nico.<\/p>\n<p>Koprski policisti so nasilne\u017eu, ki je pretepal biv\u0161o partnerko, izrekli ukrep prepovedi pribli\u017eevanja. Podali bodo kazensko ovadbo.<\/p>\n<p>V novoletni no\u010di nekaj \u010dez polno\u010d so bili na policiji obve\u0161\u010deni o kr\u0161itvi javnega reda in miru v lucijskem lokalu. Na kraju so policisti ugotovili, da doma\u010dinki nista hoteli pla\u010dati ra\u010duna, natakarja sta nato \u0161e zmerjali in ga fizi\u010dno napadli. Ker zakonito odrejenih ukazov nista upo\u0161tevali, so jima odredili pridr\u017eanje, sledi jima pla\u010dilni nalog. V postopku so policisti ugotovili tudi, da sta vinjeni v lokalu u\u017eivali alkoholne pija\u010de, zato sledi gostilni\u010darju hitri postopek zaradi kr\u0161itve dolo\u010dil zakona o omejevanju porabe alkohola.<\/p>\n<p>Ob 1.18 je varnostnik prijel dva fanta, ki sta metala petarde v kontejnerje. 14-letnika sta imela pri sebi \u0161e vedno nekaj petard II. kategorije in sta jih metala na promenadi na Pristani\u0161ki ulici v Kopru. Sledi jima obdol\u017eilni predlog. Petarde so jima zasegli.<\/p>\n<p>Ob 3.10 so fantje na Pristani\u0161ki v Kopru napadali dekle. 24-letnik iz Kopra in 32-letnik iz Lucije sta pri\u0161la do stojnice in pri\u010dela \u017ealiti 22-letno prodajalko. Policisti so jima izdali pla\u010dilni nalog, Lucijanu pa sledi \u0161e hitri postopek po zakonu o oro\u017eju, ker je imel v rokah teleskopsko palico.<\/p>\n<p>Ob 4.40 so policisti v Portoro\u017eu, po pretepu dveh dr\u017eavljanov Italije in Izolana pred lokalom, odredili pridr\u017eanje 21-letnemu Tr\u017ea\u010danu, ki je s kr\u0161itvami nadaljeval in grozil. Izdali so mu pla\u010dilni nalog.<\/p>\n","protected":false},"excerpt":{"rendered":"<p>KRONIKA &#8211; V \u010detrtek ob 13.15 se je na cesti \u0160marje &#8211; Se\u017eana zgodila prometna&#8230;<\/p>\n","protected":false},"author":4,"featured_media":491,"comment_status":"open","ping_status":"closed","sticky":false,"template":"","format":"standard","meta":{"footnotes":""},"categories":[7],"tags":[],"class_list":["post-890","post","type-post","status-publish","format-standard","has-post-thumbnail","hentry","category-kronika"],"featured_image_urls":{"full":["https:\/\/areafilm.si\/wordpress\/wp-content\/uploads\/2014\/09\/Resevalno_vozilo2.jpg",1600,1200,false],"thumbnail":["https:\/\/areafilm.si\/wordpress\/wp-content\/uploads\/2014\/09\/Resevalno_vozilo2-500x280.jpg",500,280,true],"medium":["https:\/\/areafilm.si\/wordpress\/wp-content\/uploads\/2014\/09\/Resevalno_vozilo2-600x365.jpg",600,365,true],"medium_large":["https:\/\/areafilm.si\/wordpress\/wp-content\/uploads\/2014\/09\/Resevalno_vozilo2-768x576.jpg",640,480,true],"large":["https:\/\/areafilm.si\/wordpress\/wp-content\/uploads\/2014\/09\/Resevalno_vozilo2-840x480.jpg",640,366,true],"1536x1536":["https:\/\/areafilm.si\/wordpress\/wp-content\/uploads\/2014\/09\/Resevalno_vozilo2.jpg",1536,1152,false],"2048x2048":["https:\/\/areafilm.si\/wordpress\/wp-content\/uploads\/2014\/09\/Resevalno_vozilo2.jpg",1600,1200,false],"covernews-featured":["https:\/\/areafilm.si\/wordpress\/wp-content\/uploads\/2014\/09\/Resevalno_vozilo2.jpg",1024,768,false],"covernews-medium":["https:\/\/areafilm.si\/wordpress\/wp-content\/uploads\/2014\/09\/Resevalno_vozilo2.jpg",453,340,false],"woocommerce_thumbnail":["https:\/\/areafilm.si\/wordpress\/wp-content\/uploads\/2014\/09\/Resevalno_vozilo2-300x300.jpg",300,300,true],"woocommerce_single":["https:\/\/areafilm.si\/wordpress\/wp-content\/uploads\/2014\/09\/Resevalno_vozilo2-600x450.jpg",600,450,true],"woocommerce_gallery_thumbnail":["https:\/\/areafilm.si\/wordpress\/wp-content\/uploads\/2014\/09\/Resevalno_vozilo2-100x100.jpg",100,100,true]},"author_info":{"info":["Uredni\u0161tvo Primorski Utrip"]},"category_info":"<a href=\"https:\/\/areafilm.si\/wordpress\/category\/kronika\/\" rel=\"category tag\">Kronika<\/a>","tag_info":"Kronika","comment_count":"0","_links":{"self":[{"href":"https:\/\/areafilm.si\/wordpress\/wp-json\/wp\/v2\/posts\/890","targetHints":{"allow":["GET"]}}],"collection":[{"href":"https:\/\/areafilm.si\/wordpress\/wp-json\/wp\/v2\/posts"}],"about":[{"href":"https:\/\/areafilm.si\/wordpress\/wp-json\/wp\/v2\/types\/post"}],"author":[{"embeddable":true,"href":"https:\/\/areafilm.si\/wordpress\/wp-json\/wp\/v2\/users\/4"}],"replies":[{"embeddable":true,"href":"https:\/\/areafilm.si\/wordpress\/wp-json\/wp\/v2\/comments?post=890"}],"version-history":[{"count":2,"href":"https:\/\/areafilm.si\/wordpress\/wp-json\/wp\/v2\/posts\/890\/revisions"}],"predecessor-version":[{"id":892,"href":"https:\/\/areafilm.si\/wordpress\/wp-json\/wp\/v2\/posts\/890\/revisions\/892"}],"wp:featuredmedia":[{"embeddable":true,"href":"https:\/\/areafilm.si\/wordpress\/wp-json\/wp\/v2\/media\/491"}],"wp:attachment":[{"href":"https:\/\/areafilm.si\/wordpress\/wp-json\/wp\/v2\/media?parent=890"}],"wp:term":[{"taxonomy":"category","embeddable":true,"href":"https:\/\/areafilm.si\/wordpress\/wp-json\/wp\/v2\/categories?post=890"},{"taxonomy":"post_tag","embeddable":true,"href":"https:\/\/areafilm.si\/wordpress\/wp-json\/wp\/v2\/tags?post=890"}],"curies":[{"name":"wp","href":"https:\/\/api.w.org\/{rel}","templated":true}]}}