{"id":961,"date":"2015-01-15T09:48:51","date_gmt":"2015-01-15T08:48:51","guid":{"rendered":"http:\/\/slo5.net\/wordpress\/?p=961"},"modified":"2015-01-15T09:48:51","modified_gmt":"2015-01-15T08:48:51","slug":"v-nesreci-v-kroziscu-4-osebe-lazje-poskodovane","status":"publish","type":"post","link":"https:\/\/areafilm.si\/wordpress\/v-nesreci-v-kroziscu-4-osebe-lazje-poskodovane\/","title":{"rendered":"V nesre\u010di v kro\u017ei\u0161\u010du 4 osebe la\u017eje po\u0161kodovane"},"content":{"rendered":"<p>KRONIKA &#8211; V sredo ob 18.15 uri je 33-letni voznik osebnega avtomobila vozil iz smeri \u0160marij proti Kopru in v kro\u017ei\u0161\u010du zaradi neprilagojene hitrosti tr\u010dil v osebni avtomobil, ki ga je vozila 42-letna voznica. Voznica in potniki, en star 8 in dva 15 let, so bili la\u017eje telesno po\u0161kodovani. Povzro\u010ditelj, ki je bil tudi la\u017eje telesno po\u0161kodovan, je vozil pod vplivom alkohola (1,16 mg\/l).<\/p>\n<p>Ob 8.15 uri je pri\u0161lo do delovne nezgode v Luki Koper. Pri delu se je zru\u0161il les na 28-letnega delavca, ki je bil pri tem la\u017eje telesno po\u0161kodovan.<\/p>\n<p>Popoldne je 45-letna voznica osebnega avtomobila v Ilirski Bistrici zapeljala vzvratno in tr\u010dil v 82-letnega voznika kolesa z motorjem, ki se je nahajal za njo. Voznik motorja je bil la\u017eje telesno po\u0161kodovan.<\/p>\n<p>V Luciji je 56-letni voznik kombiniranega vozila na parkirnem prostoru tr\u010dil v parkiran osebni avtomobil. V postopku je bilo ugotovljeno, da je vozil pod vplivom alkohola (0,71 mg\/l) ter da nima veljavnega vozni\u0161kega dovoljenja.<\/p>\n<p>Policisti so v no\u010di na \u010detrtek malo po 1. uri v Ilirski Bistrici ustavljali voznika osebnega avtomobila, ki pa se na znake policistov ni ustavil. Z vo\u017enjo je nadaljeval v smeri Kozine, pri tem so ga policisti ve\u010dkrat ustavljali z uporabo svetlobnih in zvo\u010dnih signalov, uporabljena so bila tudi sredstva za prisilno ustavljanje vozil (stinger). Kljub predrti pnevmatiki je voznik z vozilom be\u017eal pred policisti do Kozine, kjer je bil zaustavljen in prijet. V postopku je bilo ugotovljeno, da je vozil 19-letni dr\u017eavljan Hrva\u0161ke, ki ni bil pod vplivom alkohola ali prepovedanih drog, prav tako poseduje veljavno vozni\u0161ko dovoljenje. Zaradi ve\u010d kr\u0161itev mu je bil izdan pla\u010dilni nalog z globo v vi\u0161ini 1.600 evrov.<\/p>\n","protected":false},"excerpt":{"rendered":"<p>KRONIKA &#8211; V sredo ob 18.15 uri je 33-letni voznik osebnega avtomobila vozil iz smeri&#8230;<\/p>\n","protected":false},"author":4,"featured_media":786,"comment_status":"open","ping_status":"closed","sticky":false,"template":"","format":"standard","meta":{"footnotes":""},"categories":[7],"tags":[],"class_list":["post-961","post","type-post","status-publish","format-standard","has-post-thumbnail","hentry","category-kronika"],"featured_image_urls":{"full":["https:\/\/areafilm.si\/wordpress\/wp-content\/uploads\/2014\/11\/krozisce.jpg",298,131,false],"thumbnail":["https:\/\/areafilm.si\/wordpress\/wp-content\/uploads\/2014\/11\/krozisce.jpg",298,131,false],"medium":["https:\/\/areafilm.si\/wordpress\/wp-content\/uploads\/2014\/11\/krozisce.jpg",298,131,false],"medium_large":["https:\/\/areafilm.si\/wordpress\/wp-content\/uploads\/2014\/11\/krozisce.jpg",298,131,false],"large":["https:\/\/areafilm.si\/wordpress\/wp-content\/uploads\/2014\/11\/krozisce.jpg",298,131,false],"1536x1536":["https:\/\/areafilm.si\/wordpress\/wp-content\/uploads\/2014\/11\/krozisce.jpg",298,131,false],"2048x2048":["https:\/\/areafilm.si\/wordpress\/wp-content\/uploads\/2014\/11\/krozisce.jpg",298,131,false],"covernews-featured":["https:\/\/areafilm.si\/wordpress\/wp-content\/uploads\/2014\/11\/krozisce.jpg",298,131,false],"covernews-medium":["https:\/\/areafilm.si\/wordpress\/wp-content\/uploads\/2014\/11\/krozisce.jpg",298,131,false],"woocommerce_thumbnail":["https:\/\/areafilm.si\/wordpress\/wp-content\/uploads\/2014\/11\/krozisce.jpg",298,131,false],"woocommerce_single":["https:\/\/areafilm.si\/wordpress\/wp-content\/uploads\/2014\/11\/krozisce.jpg",298,131,false],"woocommerce_gallery_thumbnail":["https:\/\/areafilm.si\/wordpress\/wp-content\/uploads\/2014\/11\/krozisce-100x100.jpg",100,100,true]},"author_info":{"info":["Uredni\u0161tvo Primorski Utrip"]},"category_info":"<a href=\"https:\/\/areafilm.si\/wordpress\/category\/kronika\/\" rel=\"category tag\">Kronika<\/a>","tag_info":"Kronika","comment_count":"0","_links":{"self":[{"href":"https:\/\/areafilm.si\/wordpress\/wp-json\/wp\/v2\/posts\/961","targetHints":{"allow":["GET"]}}],"collection":[{"href":"https:\/\/areafilm.si\/wordpress\/wp-json\/wp\/v2\/posts"}],"about":[{"href":"https:\/\/areafilm.si\/wordpress\/wp-json\/wp\/v2\/types\/post"}],"author":[{"embeddable":true,"href":"https:\/\/areafilm.si\/wordpress\/wp-json\/wp\/v2\/users\/4"}],"replies":[{"embeddable":true,"href":"https:\/\/areafilm.si\/wordpress\/wp-json\/wp\/v2\/comments?post=961"}],"version-history":[{"count":1,"href":"https:\/\/areafilm.si\/wordpress\/wp-json\/wp\/v2\/posts\/961\/revisions"}],"predecessor-version":[{"id":962,"href":"https:\/\/areafilm.si\/wordpress\/wp-json\/wp\/v2\/posts\/961\/revisions\/962"}],"wp:featuredmedia":[{"embeddable":true,"href":"https:\/\/areafilm.si\/wordpress\/wp-json\/wp\/v2\/media\/786"}],"wp:attachment":[{"href":"https:\/\/areafilm.si\/wordpress\/wp-json\/wp\/v2\/media?parent=961"}],"wp:term":[{"taxonomy":"category","embeddable":true,"href":"https:\/\/areafilm.si\/wordpress\/wp-json\/wp\/v2\/categories?post=961"},{"taxonomy":"post_tag","embeddable":true,"href":"https:\/\/areafilm.si\/wordpress\/wp-json\/wp\/v2\/tags?post=961"}],"curies":[{"name":"wp","href":"https:\/\/api.w.org\/{rel}","templated":true}]}}