{"id":976,"date":"2015-01-23T12:13:50","date_gmt":"2015-01-23T11:13:50","guid":{"rendered":"http:\/\/slo5.net\/wordpress\/?p=976"},"modified":"2015-01-23T12:13:50","modified_gmt":"2015-01-23T11:13:50","slug":"ustavili-ukrajinca-z-ukradenim-avtomobilom","status":"publish","type":"post","link":"https:\/\/areafilm.si\/wordpress\/ustavili-ukrajinca-z-ukradenim-avtomobilom\/","title":{"rendered":"Ustavili Ukrajinca z ukradenim avtomobilom"},"content":{"rendered":"<p>KRONIKA \u2013 V \u010detrtek ob 8.40 so policisti pri Se\u017eani ustavili osebni avto Mercedes Van Viano italijanskih registrskih \u0161tevilk. V postopku so ugotovili, da je vozilo bele\u017eeno kot ukradeno, in sicer 22. 1. 2015 v Italiji. Voznika in sopotnika, oba dr\u017eavljana Ukrajine, so pridr\u017eali. Za sopotnika so ugotovili, da ima ukrep prepovedi vstopa na v schengensko obmo\u010dje. Policisti zadevo \u0161e preiskujejo.<\/p>\n<p>Iz garderobe fitnesa v Kopru je nekdo Izolanu ukradel mobilni telefon Samsung Galaxy Core 2, vreden 250 evrov.<\/p>\n<p>Se\u017eanski policisti so popoldne obravnavali nasilje v dru\u017eini. Vinjenega nasilne\u017ea so pridr\u017eali, mu odredili prepoved pribli\u017eevanja in ga kazensko ovadili.<\/p>\n","protected":false},"excerpt":{"rendered":"<p>KRONIKA \u2013 V \u010detrtek ob 8.40 so policisti pri Se\u017eani ustavili osebni avto Mercedes Van&#8230;<\/p>\n","protected":false},"author":4,"featured_media":876,"comment_status":"open","ping_status":"closed","sticky":false,"template":"","format":"standard","meta":{"footnotes":""},"categories":[7],"tags":[],"class_list":["post-976","post","type-post","status-publish","format-standard","has-post-thumbnail","hentry","category-kronika"],"featured_image_urls":{"full":["https:\/\/areafilm.si\/wordpress\/wp-content\/uploads\/2014\/07\/policija1.jpg",520,245,false],"thumbnail":["https:\/\/areafilm.si\/wordpress\/wp-content\/uploads\/2014\/07\/policija1-500x245.jpg",500,245,true],"medium":["https:\/\/areafilm.si\/wordpress\/wp-content\/uploads\/2014\/07\/policija1.jpg",520,245,false],"medium_large":["https:\/\/areafilm.si\/wordpress\/wp-content\/uploads\/2014\/07\/policija1.jpg",520,245,false],"large":["https:\/\/areafilm.si\/wordpress\/wp-content\/uploads\/2014\/07\/policija1.jpg",520,245,false],"1536x1536":["https:\/\/areafilm.si\/wordpress\/wp-content\/uploads\/2014\/07\/policija1.jpg",520,245,false],"2048x2048":["https:\/\/areafilm.si\/wordpress\/wp-content\/uploads\/2014\/07\/policija1.jpg",520,245,false],"covernews-featured":["https:\/\/areafilm.si\/wordpress\/wp-content\/uploads\/2014\/07\/policija1.jpg",520,245,false],"covernews-medium":["https:\/\/areafilm.si\/wordpress\/wp-content\/uploads\/2014\/07\/policija1.jpg",520,245,false],"woocommerce_thumbnail":["https:\/\/areafilm.si\/wordpress\/wp-content\/uploads\/2014\/07\/policija1-300x245.jpg",300,245,true],"woocommerce_single":["https:\/\/areafilm.si\/wordpress\/wp-content\/uploads\/2014\/07\/policija1.jpg",520,245,false],"woocommerce_gallery_thumbnail":["https:\/\/areafilm.si\/wordpress\/wp-content\/uploads\/2014\/07\/policija1-100x100.jpg",100,100,true]},"author_info":{"info":["Uredni\u0161tvo Primorski Utrip"]},"category_info":"<a href=\"https:\/\/areafilm.si\/wordpress\/category\/kronika\/\" rel=\"category tag\">Kronika<\/a>","tag_info":"Kronika","comment_count":"0","_links":{"self":[{"href":"https:\/\/areafilm.si\/wordpress\/wp-json\/wp\/v2\/posts\/976","targetHints":{"allow":["GET"]}}],"collection":[{"href":"https:\/\/areafilm.si\/wordpress\/wp-json\/wp\/v2\/posts"}],"about":[{"href":"https:\/\/areafilm.si\/wordpress\/wp-json\/wp\/v2\/types\/post"}],"author":[{"embeddable":true,"href":"https:\/\/areafilm.si\/wordpress\/wp-json\/wp\/v2\/users\/4"}],"replies":[{"embeddable":true,"href":"https:\/\/areafilm.si\/wordpress\/wp-json\/wp\/v2\/comments?post=976"}],"version-history":[{"count":1,"href":"https:\/\/areafilm.si\/wordpress\/wp-json\/wp\/v2\/posts\/976\/revisions"}],"predecessor-version":[{"id":977,"href":"https:\/\/areafilm.si\/wordpress\/wp-json\/wp\/v2\/posts\/976\/revisions\/977"}],"wp:featuredmedia":[{"embeddable":true,"href":"https:\/\/areafilm.si\/wordpress\/wp-json\/wp\/v2\/media\/876"}],"wp:attachment":[{"href":"https:\/\/areafilm.si\/wordpress\/wp-json\/wp\/v2\/media?parent=976"}],"wp:term":[{"taxonomy":"category","embeddable":true,"href":"https:\/\/areafilm.si\/wordpress\/wp-json\/wp\/v2\/categories?post=976"},{"taxonomy":"post_tag","embeddable":true,"href":"https:\/\/areafilm.si\/wordpress\/wp-json\/wp\/v2\/tags?post=976"}],"curies":[{"name":"wp","href":"https:\/\/api.w.org\/{rel}","templated":true}]}}