{"id":979,"date":"2015-01-26T20:28:12","date_gmt":"2015-01-26T19:28:12","guid":{"rendered":"http:\/\/slo5.net\/wordpress\/?p=979"},"modified":"2015-01-26T20:28:12","modified_gmt":"2015-01-26T19:28:12","slug":"tatic-suhomesnatih-izdelkov","status":"publish","type":"post","link":"https:\/\/areafilm.si\/wordpress\/tatic-suhomesnatih-izdelkov\/","title":{"rendered":"Tati\u010d suhomesnatih izdelkov"},"content":{"rendered":"<p>KRONIKA &#8211; Izolan je v soboto koprski trgovini ukradel dva kosa pakiranega pr\u0161uta, vredna 31,11 evrov. Na izhodu iz trgovine ga je zaustavil varnostnik. Sledi mu kazenska ovadba. Isto dopoldne so varnostniki v isti trgovini zaustavili \u0161e Kopr\u010dana, ki je ukradel suhomesnate izdelke v vi\u0161ini 26,26 evrov. Tudi njemu sledi kazenska ovadba.<\/p>\n<p>Takoj zatem so policiste obvestili \u0161e iz izolske trgovine, kjer je mo\u0161ki ukradel tri kose pr\u0161uta in sira, v skupni vrednosti 76,28 evrov. Takoj po izvr\u0161eni tatvini ga je pred trgovino ustavil starej\u0161i mo\u0161ki in mu povedal, da ga je opazoval med tatvino. Osumljeni je sicer ukradeno blago nesel nazaj v trgovino, vendar je kljub temu odgovorna oseba podala predlog za pregon.<\/p>\n<p>Popoldne so istega Kopr\u010dana prijeli \u0161e v drugi izolski trgovini, kjer je ukradel tri kose pr\u0161uta in kme\u010dki \u017eelodec, v skupni vrednosti 69,88 evrov. Sledi mu kazenska ovadba.<\/p>\n<p>V petek dopoldne so policisti v Se\u017eani ustavili voznika kombiniranega vozila Mercedes Viano italijanskih registrskih \u0161tevilk, starega nekaj mesecev in vrednega pribli\u017eno 40.000 evrov. V vozilu sta bila 18-letni in 27-letni dr\u017eavljan Ukrajine. Ob kontroli je bilo ugotovljeno, da je bilo vozilo dan prej ukradeno na obmo\u010dju Livorna v Italiji. Ob ogledu so policisti na\u0161li in zasegli tudi naprave, s katerimi sta osumljena vozilo spravila v pogon. Oba osumljena sta bila privedena pred preiskovalnega sodnika, ki ju je po zasli\u0161anju izpustil. Mlaj\u0161i je po izpustitvi pot nadaljeval domov, medtem ko je bil starej\u0161i zaradi nedovoljenega vstopa v Slovenijo (imel je razpisan ukrep zavrnitve vstopa na schengensko obmo\u010dje) vrnjen italijanskim varnostnim organom.<\/p>\n<p>Pri Vanganelu so policisti ustavili 36-letnega doma\u010dina, ki je vozil osebni avto brez vozni\u0161kega dovoljenja. Vozilo so mu zasegli, sledi mu obdol\u017eilni predlog.<\/p>\n<p>Ob 22.18 so bili na policiji obve\u0161\u010deni, da je mo\u0161ki v koprskem lokalu udaril varnostnika. Policisti so ugotovili, da gre za 36-letnega Kopr\u010dana, ki se je tudi v postopku s policisti nedostojno vedel in jih \u017ealil ter kljub opozorilu nadaljeval s prekr\u0161kom. Prav tako ni \u017eelel sodelovati v postopku niti ni \u017eelel izro\u010diti osebnega dokumenta. Zoper doma\u010dina so bila uporabljena prisilna sredstva in odrejeno pridr\u017eanje. Izdali so mu pla\u010dilni nalog za razli\u010dne kr\u0161itve .<\/p>\n<p>Ob 22.31 so policisti pred \u017dusterno ustavili 56-letnega voznika osebnega avtomobila iz okolice Kopra, ki je vozil brez veljavnega vozni\u0161kega dovoljenja. Vozilo so mu zasegli, sledi mu obdol\u017eilni predlog.<\/p>\n<p>V soboto ob 3.33 je policijo poklical 19-letnik z Obale in povedal, da so ga varnostniki neupravi\u010deno odstranili z lokala. Policisti so z zbiranjem obvestil ugotovili, da so imeli z njim te\u017eave v lokalu, saj je iskal pretep z gosti lokala, nato tudi z varnostniki. Ker se ni umiril niti po prihodu policistov, so zanj odredili pridr\u017eanje. Izdali so mu pla\u010dilni nalog za ve\u010d kr\u0161itev.<\/p>\n<p>V Pradah je nekdo vlomil v stanovanjsko hi\u0161o. Lastnikom so odnesli za pribli\u017eno 3.000 evrov zlatnine in 1.200 evrov gotovine.<\/p>\n<p>Ob 22.29 so imeli policisti na mejnem prehodu Starod v postopku 29-letnega dr\u017eavljana Albanije, ki ima ponarejeno albansko vozni\u0161ko dovoljenje. Zaradi vo\u017enje brez veljavnega vozni\u0161kega dovoljenja je bil priveden s sodniku za zasli\u0161anje. Ponaredek so mu zasegli, sledi mu kazenska ovadba po redni poti.<\/p>\n<p>V no\u010di na nedeljo je nekdo na Socerbu ukradel kombinirano vozilo Renault Kangoo rumene barve, reg. \u0161t. KP KR-593. Vozilo je letnik 1998, v njem so bili kontaktni klju\u010di. Lastnik je o\u0161kodovan za 500 evrov.<\/p>\n<p>Ob 11.08 je na cesti \u010ce\u017earji &#8211; Sveti Anton padel voznik skuterja. Na kraju so ugotovili, da je bil sam udele\u017een 35-letni voznik iz Pobegov, ki je padel po dovozu in se la\u017eje po\u0161kodoval po glavi. Odpeljali so ga v bolni\u0161nico. Preizkus z alkotestom mu je pokazal 1,31 mg\/l. Sledi mu pla\u010dilni nalog.<\/p>\n<p>V Kopru je nekdo iz kleti ukradel mo\u0161ko kolo znamke Giant, vredno 700 evrov.<\/p>\n<p>Ob 21.04 so policisti v Klancu pri Kozini ustavili 39-letnega voznika osebnega avtomobila, ki je vozil brez veljavnega vozni\u0161kega dovoljenja, alkotest pa mu je pokazal 0,96 mg\/l. Vozilo so mu zasegli, sledi mu obdol\u017eilni predlog.<\/p>\n<p>Nekdo je izpred trgovskega centra v Kopru ukradel zaklenjeno kolo s pomo\u017enim motorjem znamke Sym Orbit II 25, \u010drno modre barve, letnik 2010. Lastnik iz Izole je o\u0161kodovan za 650 evrov.<\/p>\n","protected":false},"excerpt":{"rendered":"<p>KRONIKA &#8211; Izolan je v soboto koprski trgovini ukradel dva kosa pakiranega pr\u0161uta, vredna 31,11&#8230;<\/p>\n","protected":false},"author":4,"featured_media":877,"comment_status":"open","ping_status":"closed","sticky":false,"template":"","format":"standard","meta":{"footnotes":""},"categories":[7],"tags":[],"class_list":["post-979","post","type-post","status-publish","format-standard","has-post-thumbnail","hentry","category-kronika"],"featured_image_urls":{"full":["https:\/\/areafilm.si\/wordpress\/wp-content\/uploads\/2014\/07\/policija2.jpg",520,245,false],"thumbnail":["https:\/\/areafilm.si\/wordpress\/wp-content\/uploads\/2014\/07\/policija2-500x245.jpg",500,245,true],"medium":["https:\/\/areafilm.si\/wordpress\/wp-content\/uploads\/2014\/07\/policija2.jpg",520,245,false],"medium_large":["https:\/\/areafilm.si\/wordpress\/wp-content\/uploads\/2014\/07\/policija2.jpg",520,245,false],"large":["https:\/\/areafilm.si\/wordpress\/wp-content\/uploads\/2014\/07\/policija2.jpg",520,245,false],"1536x1536":["https:\/\/areafilm.si\/wordpress\/wp-content\/uploads\/2014\/07\/policija2.jpg",520,245,false],"2048x2048":["https:\/\/areafilm.si\/wordpress\/wp-content\/uploads\/2014\/07\/policija2.jpg",520,245,false],"covernews-featured":["https:\/\/areafilm.si\/wordpress\/wp-content\/uploads\/2014\/07\/policija2.jpg",520,245,false],"covernews-medium":["https:\/\/areafilm.si\/wordpress\/wp-content\/uploads\/2014\/07\/policija2.jpg",520,245,false],"woocommerce_thumbnail":["https:\/\/areafilm.si\/wordpress\/wp-content\/uploads\/2014\/07\/policija2-300x245.jpg",300,245,true],"woocommerce_single":["https:\/\/areafilm.si\/wordpress\/wp-content\/uploads\/2014\/07\/policija2.jpg",520,245,false],"woocommerce_gallery_thumbnail":["https:\/\/areafilm.si\/wordpress\/wp-content\/uploads\/2014\/07\/policija2-100x100.jpg",100,100,true]},"author_info":{"info":["Uredni\u0161tvo Primorski Utrip"]},"category_info":"<a href=\"https:\/\/areafilm.si\/wordpress\/category\/kronika\/\" rel=\"category tag\">Kronika<\/a>","tag_info":"Kronika","comment_count":"0","_links":{"self":[{"href":"https:\/\/areafilm.si\/wordpress\/wp-json\/wp\/v2\/posts\/979","targetHints":{"allow":["GET"]}}],"collection":[{"href":"https:\/\/areafilm.si\/wordpress\/wp-json\/wp\/v2\/posts"}],"about":[{"href":"https:\/\/areafilm.si\/wordpress\/wp-json\/wp\/v2\/types\/post"}],"author":[{"embeddable":true,"href":"https:\/\/areafilm.si\/wordpress\/wp-json\/wp\/v2\/users\/4"}],"replies":[{"embeddable":true,"href":"https:\/\/areafilm.si\/wordpress\/wp-json\/wp\/v2\/comments?post=979"}],"version-history":[{"count":1,"href":"https:\/\/areafilm.si\/wordpress\/wp-json\/wp\/v2\/posts\/979\/revisions"}],"predecessor-version":[{"id":980,"href":"https:\/\/areafilm.si\/wordpress\/wp-json\/wp\/v2\/posts\/979\/revisions\/980"}],"wp:featuredmedia":[{"embeddable":true,"href":"https:\/\/areafilm.si\/wordpress\/wp-json\/wp\/v2\/media\/877"}],"wp:attachment":[{"href":"https:\/\/areafilm.si\/wordpress\/wp-json\/wp\/v2\/media?parent=979"}],"wp:term":[{"taxonomy":"category","embeddable":true,"href":"https:\/\/areafilm.si\/wordpress\/wp-json\/wp\/v2\/categories?post=979"},{"taxonomy":"post_tag","embeddable":true,"href":"https:\/\/areafilm.si\/wordpress\/wp-json\/wp\/v2\/tags?post=979"}],"curies":[{"name":"wp","href":"https:\/\/api.w.org\/{rel}","templated":true}]}}