{"id":983,"date":"2015-01-28T13:28:24","date_gmt":"2015-01-28T12:28:24","guid":{"rendered":"http:\/\/slo5.net\/wordpress\/?p=983"},"modified":"2015-01-28T13:28:24","modified_gmt":"2015-01-28T12:28:24","slug":"nasilna-celjana-v-lokalu-poskodovala-domacina","status":"publish","type":"post","link":"https:\/\/areafilm.si\/wordpress\/nasilna-celjana-v-lokalu-poskodovala-domacina\/","title":{"rendered":"Nasilna Celjana v lokalu po\u0161kodovala doma\u010dina"},"content":{"rendered":"<p>KRONIKA \u2013 V torek ob 23.36 so bili policisti obve\u0161\u010deni o pretepu v koprskem lokalu. Z zbiranjem obvestil so ugotovili, da sta 20- in 28-letna Celjana s steklenico udarila po glavi 28-letnika iz okolice Kopra, ki so ga huje po\u0161kodovanega odpeljali v izolsko bolni\u0161nico. Po\u0161kodovala sta tudi inventar v lokalu. Nasilne\u017ea so pridr\u017eali, sledi jima kazenska ovadba za kaznivo dejanje nasilni\u0161tva in po\u0161kodovanja tuje stvari. Izdali so jima tudi pla\u010dilni nalog.<\/p>\n<p>Nekdo je v gozdu ob lokalni cesti za Ostro\u017eno brdo z odklenjenega traktorja ukradel ve\u010d razli\u010dnih kosov mehani\u010dnega orodja, iz motorja delovnega stroja pa je vzel kovinsko cev izpuha. Lastnik je o\u0161kodovan za 200 evrov.<\/p>\n<p>V Piranu je nekdo vlomil doma\u010dinu v kombi in iz njega odnesel razno orodje in fotoaparat znamke Canon. Lastnik je o\u0161kodovan za 300 evrov.<\/p>\n<p>Ob 12.10 je 30-letna Kopr\u010danka vozila od bolni\u0161nice Izola proti Kopru. Med vo\u017enjo je po prvih podatkih telefonirala in zaradi tega zapeljala s ceste ter tr\u010dila v steber javne razsvetljave. Po\u0161kodovano so odpeljali v bolni\u0161nico. Ukrep sledi glede na te\u017eo po\u0161kodb.<\/p>\n<p>V Kopru je nekdo iz garderobe v trgovini zaposleni ukradel denarnico z dokumenti in 15 evri gotovine. Skupaj je o\u0161kodovana za 200 evrov.<\/p>\n<p>V Postojni je nekdo v \u010dasu od 13.1.2015 do 28.1.2015 vlomil v skladi\u0161\u010de, od koder je odnesel 2800 metrov povezovalnega kabla (novoletne lu\u010dke). Ob\u010dina je s tem o\u0161kodovana za 3600 evrov.<\/p>\n","protected":false},"excerpt":{"rendered":"<p>KRONIKA \u2013 V torek ob 23.36 so bili policisti obve\u0161\u010deni o pretepu v koprskem lokalu&#8230;.<\/p>\n","protected":false},"author":4,"featured_media":491,"comment_status":"open","ping_status":"closed","sticky":false,"template":"","format":"standard","meta":{"footnotes":""},"categories":[7],"tags":[],"class_list":["post-983","post","type-post","status-publish","format-standard","has-post-thumbnail","hentry","category-kronika"],"featured_image_urls":{"full":["https:\/\/areafilm.si\/wordpress\/wp-content\/uploads\/2014\/09\/Resevalno_vozilo2.jpg",1600,1200,false],"thumbnail":["https:\/\/areafilm.si\/wordpress\/wp-content\/uploads\/2014\/09\/Resevalno_vozilo2-500x280.jpg",500,280,true],"medium":["https:\/\/areafilm.si\/wordpress\/wp-content\/uploads\/2014\/09\/Resevalno_vozilo2-600x365.jpg",600,365,true],"medium_large":["https:\/\/areafilm.si\/wordpress\/wp-content\/uploads\/2014\/09\/Resevalno_vozilo2-768x576.jpg",640,480,true],"large":["https:\/\/areafilm.si\/wordpress\/wp-content\/uploads\/2014\/09\/Resevalno_vozilo2-840x480.jpg",640,366,true],"1536x1536":["https:\/\/areafilm.si\/wordpress\/wp-content\/uploads\/2014\/09\/Resevalno_vozilo2.jpg",1536,1152,false],"2048x2048":["https:\/\/areafilm.si\/wordpress\/wp-content\/uploads\/2014\/09\/Resevalno_vozilo2.jpg",1600,1200,false],"covernews-featured":["https:\/\/areafilm.si\/wordpress\/wp-content\/uploads\/2014\/09\/Resevalno_vozilo2.jpg",1024,768,false],"covernews-medium":["https:\/\/areafilm.si\/wordpress\/wp-content\/uploads\/2014\/09\/Resevalno_vozilo2.jpg",453,340,false],"woocommerce_thumbnail":["https:\/\/areafilm.si\/wordpress\/wp-content\/uploads\/2014\/09\/Resevalno_vozilo2-300x300.jpg",300,300,true],"woocommerce_single":["https:\/\/areafilm.si\/wordpress\/wp-content\/uploads\/2014\/09\/Resevalno_vozilo2-600x450.jpg",600,450,true],"woocommerce_gallery_thumbnail":["https:\/\/areafilm.si\/wordpress\/wp-content\/uploads\/2014\/09\/Resevalno_vozilo2-100x100.jpg",100,100,true]},"author_info":{"info":["Uredni\u0161tvo Primorski Utrip"]},"category_info":"<a href=\"https:\/\/areafilm.si\/wordpress\/category\/kronika\/\" rel=\"category tag\">Kronika<\/a>","tag_info":"Kronika","comment_count":"0","_links":{"self":[{"href":"https:\/\/areafilm.si\/wordpress\/wp-json\/wp\/v2\/posts\/983","targetHints":{"allow":["GET"]}}],"collection":[{"href":"https:\/\/areafilm.si\/wordpress\/wp-json\/wp\/v2\/posts"}],"about":[{"href":"https:\/\/areafilm.si\/wordpress\/wp-json\/wp\/v2\/types\/post"}],"author":[{"embeddable":true,"href":"https:\/\/areafilm.si\/wordpress\/wp-json\/wp\/v2\/users\/4"}],"replies":[{"embeddable":true,"href":"https:\/\/areafilm.si\/wordpress\/wp-json\/wp\/v2\/comments?post=983"}],"version-history":[{"count":1,"href":"https:\/\/areafilm.si\/wordpress\/wp-json\/wp\/v2\/posts\/983\/revisions"}],"predecessor-version":[{"id":984,"href":"https:\/\/areafilm.si\/wordpress\/wp-json\/wp\/v2\/posts\/983\/revisions\/984"}],"wp:featuredmedia":[{"embeddable":true,"href":"https:\/\/areafilm.si\/wordpress\/wp-json\/wp\/v2\/media\/491"}],"wp:attachment":[{"href":"https:\/\/areafilm.si\/wordpress\/wp-json\/wp\/v2\/media?parent=983"}],"wp:term":[{"taxonomy":"category","embeddable":true,"href":"https:\/\/areafilm.si\/wordpress\/wp-json\/wp\/v2\/categories?post=983"},{"taxonomy":"post_tag","embeddable":true,"href":"https:\/\/areafilm.si\/wordpress\/wp-json\/wp\/v2\/tags?post=983"}],"curies":[{"name":"wp","href":"https:\/\/api.w.org\/{rel}","templated":true}]}}